{"id":990,"date":"2021-01-16T09:27:00","date_gmt":"2021-01-16T09:27:00","guid":{"rendered":"http:\/\/stiri.frjudo.ro\/?p=990"},"modified":"2021-01-24T09:49:51","modified_gmt":"2021-01-24T09:49:51","slug":"c-e-bucuresti-2018-interviu-alina-dumitru-andreea-chitu-si-corina-stefan","status":"publish","type":"post","link":"https:\/\/stiri.frjudo.ro\/index.php\/2021\/01\/16\/c-e-bucuresti-2018-interviu-alina-dumitru-andreea-chitu-si-corina-stefan\/","title":{"rendered":"C.E. BUCURESTI 2018 Interviu Alina Dumitru, Andreea Chitu si Corina Stefan"},"content":{"rendered":"\n<p><strong>Alina Dumitru, Corina C\u0103prioriu \u0219i Andreea Chi\u021bu, lideri de galerie la Sala Polivalent\u0103! Cele mai medaliate judoka din Rom\u00e2nia \u00een ultimul deceniu au tr\u0103it la intensitate maxim\u0103 meciurile din Liga Campionilor \u0219i Liga Europa.<\/strong><\/p>\n\n\n\n<figure class=\"wp-block-embed is-type-video is-provider-youtube wp-block-embed-youtube wp-embed-aspect-16-9 wp-has-aspect-ratio\"><div class=\"wp-block-embed__wrapper\">\n<iframe title=\"Alina Dumitru, Andreea Chitu, Corina Stefan Caprioriu\" width=\"900\" height=\"506\" src=\"https:\/\/www.youtube.com\/embed\/fKlOBGhvgpk?feature=oembed\" frameborder=\"0\" allow=\"accelerometer; autoplay; clipboard-write; encrypted-media; gyroscope; picture-in-picture\" allowfullscreen><\/iframe>\n<\/div><\/figure>\n\n\n\n<p class=\"has-text-align-right\"><strong><em>Sursa: YouTube \u2013 Realitatea Sportiva<\/em><\/strong><\/p>\n","protected":false},"excerpt":{"rendered":"<p>Alina Dumitru, Corina C\u0103prioriu \u0219i Andreea Chi\u021bu, lideri de galerie la Sala Polivalent\u0103! Cele mai medaliate judoka din Rom\u00e2nia \u00een ultimul deceniu au tr\u0103it la intensitate maxim\u0103 meciurile din Liga Campionilor \u0219i Liga Europa. Sursa: YouTube \u2013 Realitatea Sportiva<\/p>\n","protected":false},"author":2,"featured_media":991,"comment_status":"open","ping_status":"open","sticky":false,"template":"","format":"standard","meta":[],"categories":[169],"tags":[],"_links":{"self":[{"href":"https:\/\/stiri.frjudo.ro\/index.php\/wp-json\/wp\/v2\/posts\/990"}],"collection":[{"href":"https:\/\/stiri.frjudo.ro\/index.php\/wp-json\/wp\/v2\/posts"}],"about":[{"href":"https:\/\/stiri.frjudo.ro\/index.php\/wp-json\/wp\/v2\/types\/post"}],"author":[{"embeddable":true,"href":"https:\/\/stiri.frjudo.ro\/index.php\/wp-json\/wp\/v2\/users\/2"}],"replies":[{"embeddable":true,"href":"https:\/\/stiri.frjudo.ro\/index.php\/wp-json\/wp\/v2\/comments?post=990"}],"version-history":[{"count":1,"href":"https:\/\/stiri.frjudo.ro\/index.php\/wp-json\/wp\/v2\/posts\/990\/revisions"}],"predecessor-version":[{"id":992,"href":"https:\/\/stiri.frjudo.ro\/index.php\/wp-json\/wp\/v2\/posts\/990\/revisions\/992"}],"wp:featuredmedia":[{"embeddable":true,"href":"https:\/\/stiri.frjudo.ro\/index.php\/wp-json\/wp\/v2\/media\/991"}],"wp:attachment":[{"href":"https:\/\/stiri.frjudo.ro\/index.php\/wp-json\/wp\/v2\/media?parent=990"}],"wp:term":[{"taxonomy":"category","embeddable":true,"href":"https:\/\/stiri.frjudo.ro\/index.php\/wp-json\/wp\/v2\/categories?post=990"},{"taxonomy":"post_tag","embeddable":true,"href":"https:\/\/stiri.frjudo.ro\/index.php\/wp-json\/wp\/v2\/tags?post=990"}],"curies":[{"name":"wp","href":"https:\/\/api.w.org\/{rel}","templated":true}]}}