{"id":985,"date":"2021-01-16T09:09:00","date_gmt":"2021-01-16T09:09:00","guid":{"rendered":"http:\/\/stiri.frjudo.ro\/?p=985"},"modified":"2021-01-24T12:23:27","modified_gmt":"2021-01-24T12:23:27","slug":"c-e-judo-bucuresti-2018-interviu-cu-ministrul-sportului-constantin-bogdan-matei","status":"publish","type":"post","link":"https:\/\/stiri.frjudo.ro\/index.php\/2021\/01\/16\/c-e-judo-bucuresti-2018-interviu-cu-ministrul-sportului-constantin-bogdan-matei\/","title":{"rendered":"C.E. JUDO BUCURESTI 2018 Interviu cu Ministrul Sportului, Constantin Bogdan Matei"},"content":{"rendered":"\n<p><strong><strong>[dropcap]N[\/dropcap]<\/strong>oul ministru al Tineretului \u0219i Sportului, Bogdan Matei, a urm\u0103rit pe viu meciurile din Liga Campionilor la judo, g\u0103zduite de Sala Polivalent\u0103 din Capital\u0103.<\/strong><\/p>\n\n\n\n<figure class=\"wp-block-embed is-type-video is-provider-youtube wp-block-embed-youtube wp-embed-aspect-16-9 wp-has-aspect-ratio\"><div class=\"wp-block-embed__wrapper\">\n<iframe title=\"Interviu cu Ministrul Sportului, Constantin Bogdan Matei\" width=\"900\" height=\"506\" src=\"https:\/\/www.youtube.com\/embed\/ZXL3t6N3Q2U?feature=oembed\" frameborder=\"0\" allow=\"accelerometer; autoplay; clipboard-write; encrypted-media; gyroscope; picture-in-picture\" allowfullscreen><\/iframe>\n<\/div><\/figure>\n\n\n\n<p class=\"has-text-align-right\"><strong><em>Sursa: YouTube \u2013 Realitatea Sportiva<\/em><\/strong><\/p>\n","protected":false},"excerpt":{"rendered":"<p>[dropcap]N[\/dropcap]oul ministru al Tineretului \u0219i Sportului, Bogdan Matei, a urm\u0103rit pe viu meciurile din Liga Campionilor la judo, g\u0103zduite de Sala Polivalent\u0103 din Capital\u0103. Sursa: YouTube \u2013 Realitatea Sportiva<\/p>\n","protected":false},"author":2,"featured_media":986,"comment_status":"open","ping_status":"open","sticky":false,"template":"","format":"standard","meta":[],"categories":[169],"tags":[],"_links":{"self":[{"href":"https:\/\/stiri.frjudo.ro\/index.php\/wp-json\/wp\/v2\/posts\/985"}],"collection":[{"href":"https:\/\/stiri.frjudo.ro\/index.php\/wp-json\/wp\/v2\/posts"}],"about":[{"href":"https:\/\/stiri.frjudo.ro\/index.php\/wp-json\/wp\/v2\/types\/post"}],"author":[{"embeddable":true,"href":"https:\/\/stiri.frjudo.ro\/index.php\/wp-json\/wp\/v2\/users\/2"}],"replies":[{"embeddable":true,"href":"https:\/\/stiri.frjudo.ro\/index.php\/wp-json\/wp\/v2\/comments?post=985"}],"version-history":[{"count":2,"href":"https:\/\/stiri.frjudo.ro\/index.php\/wp-json\/wp\/v2\/posts\/985\/revisions"}],"predecessor-version":[{"id":1116,"href":"https:\/\/stiri.frjudo.ro\/index.php\/wp-json\/wp\/v2\/posts\/985\/revisions\/1116"}],"wp:featuredmedia":[{"embeddable":true,"href":"https:\/\/stiri.frjudo.ro\/index.php\/wp-json\/wp\/v2\/media\/986"}],"wp:attachment":[{"href":"https:\/\/stiri.frjudo.ro\/index.php\/wp-json\/wp\/v2\/media?parent=985"}],"wp:term":[{"taxonomy":"category","embeddable":true,"href":"https:\/\/stiri.frjudo.ro\/index.php\/wp-json\/wp\/v2\/categories?post=985"},{"taxonomy":"post_tag","embeddable":true,"href":"https:\/\/stiri.frjudo.ro\/index.php\/wp-json\/wp\/v2\/tags?post=985"}],"curies":[{"name":"wp","href":"https:\/\/api.w.org\/{rel}","templated":true}]}}