{"id":949,"date":"2019-07-16T09:07:00","date_gmt":"2019-07-16T09:07:00","guid":{"rendered":"http:\/\/stiri.frjudo.ro\/?p=949"},"modified":"2021-01-23T21:56:50","modified_gmt":"2021-01-23T21:56:50","slug":"colaborare-inedita-intre-romania-si-japonia-in-domeniul-judo-ului","status":"publish","type":"post","link":"https:\/\/stiri.frjudo.ro\/index.php\/2019\/07\/16\/colaborare-inedita-intre-romania-si-japonia-in-domeniul-judo-ului\/","title":{"rendered":"Colaborare inedit\u0103 \u00eentre Rom\u00e2nia \u0219i Japonia \u00een domeniul Judo-ului"},"content":{"rendered":"\n<p>Zeci de sportivi rom\u00e2ni se preg\u0103tesc deja pe tatami al\u0103turi de judokani din patria mam\u0103 a acestui sport. Ast\u0103zi, la Bucure\u0219ti, reprezentan\u021bii Federa\u021biei Rom\u00e2ne de Judo, ai Comitetului Olimpic \u0219i sportiv rom\u00e2n \u0219i oficialit\u0103\u021bi din provincia Japonez\u0103 Fukuoka au semnat un memorandum de preg\u0103tire comun\u0103, ce are ca scop \u00eembun\u0103t\u0103\u021birea performan\u021belor sportivilor rom\u00e2ni.<\/p>\n\n\n\n<p>\u00cencep\u00e2nd de anul trecut, judokanii rom\u00e2ni din lotul olimpic se preg\u0103tesc tocmai \u00een Japonia, asista\u021bi de un antrenor japonez. Pre\u0219edintele Comitetului Olimpic \u0219i sportiv rom\u00e2n sus\u021bine astfel de ini\u021biative \u00een sprijinul tuturor federa\u021biilor cu \u0219anse reale de a ob\u021bine rezultate la Tokio 2020.<\/p>\n\n\n\n<p>\u201eAm f\u0103cut un protocol cele dou\u0103 orase prin care federatiile din Rom\u00e2nia pot accesa stagii de pregatire in Japonia. Federa\u021bia Rom\u00e2n\u0103 a stabilit un contact si cu primaria din Fukuoka. Sunt mai multe provincii, mai multe prefecturi din japonia care in baza un unui program guvernamental pot organiza stagii de pregatire cu diferite echipe nationale, cu diferite federatii din toata lumea in vederea pregatirii pentru Jocurile Olimpice de la Tokio\u201d, a declarat Mihai Covaliu, pre\u0219edintele COSR.<\/p>\n\n\n\n<p class=\"has-text-align-right\"><strong><a href=\"https:\/\/www.prosport.ro\/alte-sporturi\/colaborare-inedita-intre-romania-si-japonia-in-domeniul-judo-ului-18236701\" target=\"_blank\" rel=\"noreferrer noopener\">Integral pe prosport.ro<\/a><\/strong><\/p>\n","protected":false},"excerpt":{"rendered":"<p>Zeci de sportivi rom\u00e2ni se preg\u0103tesc deja pe tatami al\u0103turi de judokani din patria mam\u0103 a acestui sport. Ast\u0103zi, la Bucure\u0219ti, reprezentan\u021bii Federa\u021biei Rom\u00e2ne de Judo, ai Comitetului Olimpic \u0219i sportiv rom\u00e2n \u0219i oficialit\u0103\u021bi din provincia Japonez\u0103 Fukuoka au semnat un memorandum de preg\u0103tire comun\u0103, ce are ca scop \u00eembun\u0103t\u0103\u021birea performan\u021belor sportivilor rom\u00e2ni. \u00cencep\u00e2nd de [&hellip;]<\/p>\n","protected":false},"author":2,"featured_media":816,"comment_status":"open","ping_status":"open","sticky":false,"template":"","format":"standard","meta":[],"categories":[13],"tags":[],"_links":{"self":[{"href":"https:\/\/stiri.frjudo.ro\/index.php\/wp-json\/wp\/v2\/posts\/949"}],"collection":[{"href":"https:\/\/stiri.frjudo.ro\/index.php\/wp-json\/wp\/v2\/posts"}],"about":[{"href":"https:\/\/stiri.frjudo.ro\/index.php\/wp-json\/wp\/v2\/types\/post"}],"author":[{"embeddable":true,"href":"https:\/\/stiri.frjudo.ro\/index.php\/wp-json\/wp\/v2\/users\/2"}],"replies":[{"embeddable":true,"href":"https:\/\/stiri.frjudo.ro\/index.php\/wp-json\/wp\/v2\/comments?post=949"}],"version-history":[{"count":1,"href":"https:\/\/stiri.frjudo.ro\/index.php\/wp-json\/wp\/v2\/posts\/949\/revisions"}],"predecessor-version":[{"id":950,"href":"https:\/\/stiri.frjudo.ro\/index.php\/wp-json\/wp\/v2\/posts\/949\/revisions\/950"}],"wp:featuredmedia":[{"embeddable":true,"href":"https:\/\/stiri.frjudo.ro\/index.php\/wp-json\/wp\/v2\/media\/816"}],"wp:attachment":[{"href":"https:\/\/stiri.frjudo.ro\/index.php\/wp-json\/wp\/v2\/media?parent=949"}],"wp:term":[{"taxonomy":"category","embeddable":true,"href":"https:\/\/stiri.frjudo.ro\/index.php\/wp-json\/wp\/v2\/categories?post=949"},{"taxonomy":"post_tag","embeddable":true,"href":"https:\/\/stiri.frjudo.ro\/index.php\/wp-json\/wp\/v2\/tags?post=949"}],"curies":[{"name":"wp","href":"https:\/\/api.w.org\/{rel}","templated":true}]}}