{"id":943,"date":"2017-06-04T19:55:00","date_gmt":"2017-06-04T19:55:00","guid":{"rendered":"http:\/\/stiri.frjudo.ro\/?p=943"},"modified":"2021-01-23T23:22:50","modified_gmt":"2021-01-23T23:22:50","slug":"aur-si-bronz-pentru-romani-la-openul-de-judo-de-la-bucuresti","status":"publish","type":"post","link":"https:\/\/stiri.frjudo.ro\/index.php\/2017\/06\/04\/aur-si-bronz-pentru-romani-la-openul-de-judo-de-la-bucuresti\/","title":{"rendered":"Aur \u0219i bronz pentru rom\u00e2ni la Openul de judo de la Bucure\u0219ti"},"content":{"rendered":"\n<p><strong>\u00cen acest weekend s-a desf\u0103\u0219urat Openul de judo de la Bucure\u0219ti, unde doi rom\u00e2ni au f\u0103cut senza\u021bie: Daniel Natea \u0219i Cristian Bod\u00eerl\u0103u au adus medalii pentru Rom\u00e2nia.<\/strong><\/p>\n\n\n\n<p>Natea a ob\u021binut aurul la categoria plus 100 de kilograme, iar Bod\u00eerl\u0103u a c\u00e2\u0219tigat medalia de bronz la 90 de kilograme.<\/p>\n\n\n\n<p>Ieri, \u00een prima zi de concurs, Monica Ungureanu a c\u00e2\u0219tigat medalia de aur la categoria 48 de kilograme.<\/p>\n\n\n\n<p class=\"has-text-align-right\"><strong><a href=\"https:\/\/www.gsp.ro\/sporturi\/altele\/aur-si-bronz-pentru-romani-la-openul-de-judo-de-la-bucuresti-512682.html\" target=\"_blank\" rel=\"noreferrer noopener\">Integral pe gsp.ro<\/a><\/strong><\/p>\n","protected":false},"excerpt":{"rendered":"<p>\u00cen acest weekend s-a desf\u0103\u0219urat Openul de judo de la Bucure\u0219ti, unde doi rom\u00e2ni au f\u0103cut senza\u021bie: Daniel Natea \u0219i Cristian Bod\u00eerl\u0103u au adus medalii pentru Rom\u00e2nia. Natea a ob\u021binut aurul la categoria plus 100 de kilograme, iar Bod\u00eerl\u0103u a c\u00e2\u0219tigat medalia de bronz la 90 de kilograme. Ieri, \u00een prima zi de concurs, Monica [&hellip;]<\/p>\n","protected":false},"author":2,"featured_media":944,"comment_status":"open","ping_status":"open","sticky":false,"template":"","format":"standard","meta":[],"categories":[166],"tags":[],"_links":{"self":[{"href":"https:\/\/stiri.frjudo.ro\/index.php\/wp-json\/wp\/v2\/posts\/943"}],"collection":[{"href":"https:\/\/stiri.frjudo.ro\/index.php\/wp-json\/wp\/v2\/posts"}],"about":[{"href":"https:\/\/stiri.frjudo.ro\/index.php\/wp-json\/wp\/v2\/types\/post"}],"author":[{"embeddable":true,"href":"https:\/\/stiri.frjudo.ro\/index.php\/wp-json\/wp\/v2\/users\/2"}],"replies":[{"embeddable":true,"href":"https:\/\/stiri.frjudo.ro\/index.php\/wp-json\/wp\/v2\/comments?post=943"}],"version-history":[{"count":2,"href":"https:\/\/stiri.frjudo.ro\/index.php\/wp-json\/wp\/v2\/posts\/943\/revisions"}],"predecessor-version":[{"id":963,"href":"https:\/\/stiri.frjudo.ro\/index.php\/wp-json\/wp\/v2\/posts\/943\/revisions\/963"}],"wp:featuredmedia":[{"embeddable":true,"href":"https:\/\/stiri.frjudo.ro\/index.php\/wp-json\/wp\/v2\/media\/944"}],"wp:attachment":[{"href":"https:\/\/stiri.frjudo.ro\/index.php\/wp-json\/wp\/v2\/media?parent=943"}],"wp:term":[{"taxonomy":"category","embeddable":true,"href":"https:\/\/stiri.frjudo.ro\/index.php\/wp-json\/wp\/v2\/categories?post=943"},{"taxonomy":"post_tag","embeddable":true,"href":"https:\/\/stiri.frjudo.ro\/index.php\/wp-json\/wp\/v2\/tags?post=943"}],"curies":[{"name":"wp","href":"https:\/\/api.w.org\/{rel}","templated":true}]}}