{"id":882,"date":"2019-10-31T16:44:00","date_gmt":"2019-10-31T16:44:00","guid":{"rendered":"http:\/\/stiri.frjudo.ro\/?p=882"},"modified":"2021-01-23T19:12:00","modified_gmt":"2021-01-23T19:12:00","slug":"interviu-cozmin-gusa-federatia-romana-de-judo-pentru-tokyo-avem-un-deziderat-minimal-cel-putin-o-medalie","status":"publish","type":"post","link":"https:\/\/stiri.frjudo.ro\/index.php\/2019\/10\/31\/interviu-cozmin-gusa-federatia-romana-de-judo-pentru-tokyo-avem-un-deziderat-minimal-cel-putin-o-medalie\/","title":{"rendered":"INTERVIU Cozmin Gu\u015f\u0103 (Federa\u0163ia Rom\u00e2n\u0103 de Judo): \u201ePentru Tokyo avem un deziderat minimal, cel pu\u0163in o medalie\u201d"},"content":{"rendered":"\n<p>Pre\u015fedintele Federa\u0163iei Rom\u00e2ne de Judo, Cozmin Gu\u015f\u0103, a declarat, \u00eentr-un interviu acordat AGERPRES, c\u0103 obiectivul sportivilor rom\u00e2ni pentru Jocurile Olimpice de la Tokyo din 2020 este ob\u0163inerea a cel pu\u0163in o medalie olimpic\u0103.<\/p>\n\n\n\n<p>Speran\u0163ele judoului rom\u00e2nesc \u00een ceea ce prive\u015fte ob\u0163inerea unei medalii olimpice la Tokyo sunt legate de Vl\u0103du\u0163 Simionescu, la categoria +100 kg, \u015fi Andreea Chi\u0163u, la categoria 52 kg.<\/p>\n\n\n\n<p>Oficialul FRJ s-a ar\u0103tat mul\u0163umit de colaborarea pe care federa\u0163ia o are cu antrenorul japonez Kohei Oishi, care coordoneaz\u0103 loturile na\u0163ionale de judo, acesta av\u00e2nd \u015fi un rolul de \u00eendrum\u0103tor al tehnicienilor rom\u00e2ni.<\/p>\n\n\n\n<p class=\"has-text-align-right\"><strong><a href=\"https:\/\/www.prosport.ro\/alte-sporturi\/interviu-cozmin-gusa-federatia-romana-de-judo-pentru-tokyo-avem-un-deziderat-minimal-cel-putin-o-medalie-18940254\" target=\"_blank\" rel=\"noreferrer noopener\">Integral pe prosport.ro<\/a><\/strong><\/p>\n","protected":false},"excerpt":{"rendered":"<p>Pre\u015fedintele Federa\u0163iei Rom\u00e2ne de Judo, Cozmin Gu\u015f\u0103, a declarat, \u00eentr-un interviu acordat AGERPRES, c\u0103 obiectivul sportivilor rom\u00e2ni pentru Jocurile Olimpice de la Tokyo din 2020 este ob\u0163inerea a cel pu\u0163in o medalie olimpic\u0103. Speran\u0163ele judoului rom\u00e2nesc \u00een ceea ce prive\u015fte ob\u0163inerea unei medalii olimpice la Tokyo sunt legate de Vl\u0103du\u0163 Simionescu, la categoria +100 kg, [&hellip;]<\/p>\n","protected":false},"author":2,"featured_media":883,"comment_status":"open","ping_status":"open","sticky":false,"template":"","format":"standard","meta":[],"categories":[165],"tags":[],"_links":{"self":[{"href":"https:\/\/stiri.frjudo.ro\/index.php\/wp-json\/wp\/v2\/posts\/882"}],"collection":[{"href":"https:\/\/stiri.frjudo.ro\/index.php\/wp-json\/wp\/v2\/posts"}],"about":[{"href":"https:\/\/stiri.frjudo.ro\/index.php\/wp-json\/wp\/v2\/types\/post"}],"author":[{"embeddable":true,"href":"https:\/\/stiri.frjudo.ro\/index.php\/wp-json\/wp\/v2\/users\/2"}],"replies":[{"embeddable":true,"href":"https:\/\/stiri.frjudo.ro\/index.php\/wp-json\/wp\/v2\/comments?post=882"}],"version-history":[{"count":1,"href":"https:\/\/stiri.frjudo.ro\/index.php\/wp-json\/wp\/v2\/posts\/882\/revisions"}],"predecessor-version":[{"id":884,"href":"https:\/\/stiri.frjudo.ro\/index.php\/wp-json\/wp\/v2\/posts\/882\/revisions\/884"}],"wp:featuredmedia":[{"embeddable":true,"href":"https:\/\/stiri.frjudo.ro\/index.php\/wp-json\/wp\/v2\/media\/883"}],"wp:attachment":[{"href":"https:\/\/stiri.frjudo.ro\/index.php\/wp-json\/wp\/v2\/media?parent=882"}],"wp:term":[{"taxonomy":"category","embeddable":true,"href":"https:\/\/stiri.frjudo.ro\/index.php\/wp-json\/wp\/v2\/categories?post=882"},{"taxonomy":"post_tag","embeddable":true,"href":"https:\/\/stiri.frjudo.ro\/index.php\/wp-json\/wp\/v2\/tags?post=882"}],"curies":[{"name":"wp","href":"https:\/\/api.w.org\/{rel}","templated":true}]}}