{"id":874,"date":"2019-10-29T18:40:00","date_gmt":"2019-10-29T18:40:00","guid":{"rendered":"http:\/\/stiri.frjudo.ro\/?p=874"},"modified":"2021-01-23T19:02:44","modified_gmt":"2021-01-23T19:02:44","slug":"federatia-romana-de-judo-a-naturalizat-un-rus-si-o-moldoveanca","status":"publish","type":"post","link":"https:\/\/stiri.frjudo.ro\/index.php\/2019\/10\/29\/federatia-romana-de-judo-a-naturalizat-un-rus-si-o-moldoveanca\/","title":{"rendered":"Federa\u0163ia Rom\u00e2n\u0103 de Judo a naturalizat un rus \u015fi o moldoveanc\u0103"},"content":{"rendered":"\n<p><strong>Federa\u0163ia Rom\u00e2n\u0103 de Judo a naturalizat un sportiv din Rusia, Petr Zhukov, \u015fi o sportiv\u0103 din Republica Moldova, Serafima Moscalu, potrivit unui comunicat publicat mar\u0163i de forul na\u0163ional.<\/strong><\/p>\n\n\n\n<p>&#8221;Ast\u0103zi, \u00een cadrul unei ceremonii prezidate de c\u0103tre Pre\u015fedintele Autorit\u0103\u0163ii Na\u0163ionale pentru Cet\u0103\u0163enie, domnul lector univ. Andrei Tinu, \u015fi de c\u0103tre vicepre\u015fedintele aceleia\u015fi institu\u0163ii, domnul Marius Sorin Bozgan, judoka Zhukov Petr (24 ani) \u015fi Moscalu Serafima (20 ani) au depus jur\u0103m\u00e2ntul de credin\u0163\u0103 fa\u0163\u0103 de Rom\u00e2nia&#8221;, se arat\u0103 \u00een comunicat.<\/p>\n\n\n\n<p>Cei doi sportivi au primit certificatele de cet\u0103\u0163eni rom\u00e2ni \u015fi au devenit astfel eligibil de a reprezenta \u0163ara noastr\u0103 \u00een competi\u0163iile interna\u0163ionale, dup\u0103 ce \u00een prealabil s-a ob\u0163inut \u015fi acordul federa\u0163iilor de specialitate din Rusia \u015fi Republica Moldova.<\/p>\n\n\n\n<p>Zhukov va concura la cat. 66 kg, iar Moscalu va evolua la cat. 70 kg.<\/p>\n\n\n\n<p class=\"has-text-align-right\"><strong><a href=\"https:\/\/www.agerpres.ro\/sport\/2019\/10\/29\/federatia-romana-de-judo-a-naturalizat-un-rus-si-o-moldoveanca--393688\" target=\"_blank\" rel=\"noreferrer noopener\">Integral pe agerpres.ro<\/a><\/strong><\/p>\n","protected":false},"excerpt":{"rendered":"<p>Federa\u0163ia Rom\u00e2n\u0103 de Judo a naturalizat un sportiv din Rusia, Petr Zhukov, \u015fi o sportiv\u0103 din Republica Moldova, Serafima Moscalu, potrivit unui comunicat publicat mar\u0163i de forul na\u0163ional. &#8221;Ast\u0103zi, \u00een cadrul unei ceremonii prezidate de c\u0103tre Pre\u015fedintele Autorit\u0103\u0163ii Na\u0163ionale pentru Cet\u0103\u0163enie, domnul lector univ. Andrei Tinu, \u015fi de c\u0103tre vicepre\u015fedintele aceleia\u015fi institu\u0163ii, domnul Marius Sorin [&hellip;]<\/p>\n","protected":false},"author":2,"featured_media":875,"comment_status":"open","ping_status":"open","sticky":false,"template":"","format":"standard","meta":[],"categories":[13],"tags":[],"_links":{"self":[{"href":"https:\/\/stiri.frjudo.ro\/index.php\/wp-json\/wp\/v2\/posts\/874"}],"collection":[{"href":"https:\/\/stiri.frjudo.ro\/index.php\/wp-json\/wp\/v2\/posts"}],"about":[{"href":"https:\/\/stiri.frjudo.ro\/index.php\/wp-json\/wp\/v2\/types\/post"}],"author":[{"embeddable":true,"href":"https:\/\/stiri.frjudo.ro\/index.php\/wp-json\/wp\/v2\/users\/2"}],"replies":[{"embeddable":true,"href":"https:\/\/stiri.frjudo.ro\/index.php\/wp-json\/wp\/v2\/comments?post=874"}],"version-history":[{"count":3,"href":"https:\/\/stiri.frjudo.ro\/index.php\/wp-json\/wp\/v2\/posts\/874\/revisions"}],"predecessor-version":[{"id":878,"href":"https:\/\/stiri.frjudo.ro\/index.php\/wp-json\/wp\/v2\/posts\/874\/revisions\/878"}],"wp:featuredmedia":[{"embeddable":true,"href":"https:\/\/stiri.frjudo.ro\/index.php\/wp-json\/wp\/v2\/media\/875"}],"wp:attachment":[{"href":"https:\/\/stiri.frjudo.ro\/index.php\/wp-json\/wp\/v2\/media?parent=874"}],"wp:term":[{"taxonomy":"category","embeddable":true,"href":"https:\/\/stiri.frjudo.ro\/index.php\/wp-json\/wp\/v2\/categories?post=874"},{"taxonomy":"post_tag","embeddable":true,"href":"https:\/\/stiri.frjudo.ro\/index.php\/wp-json\/wp\/v2\/tags?post=874"}],"curies":[{"name":"wp","href":"https:\/\/api.w.org\/{rel}","templated":true}]}}