{"id":868,"date":"2018-11-03T21:11:00","date_gmt":"2018-11-03T21:11:00","guid":{"rendered":"http:\/\/stiri.frjudo.ro\/?p=868"},"modified":"2021-01-23T18:28:27","modified_gmt":"2021-01-23T18:28:27","slug":"judo-marcel-cercea-medaliat-cu-bronz-la-europenele-under-23","status":"publish","type":"post","link":"https:\/\/stiri.frjudo.ro\/index.php\/2018\/11\/03\/judo-marcel-cercea-medaliat-cu-bronz-la-europenele-under-23\/","title":{"rendered":"Judo: Marcel Cercea, medaliat cu bronz la Europenele Under-23"},"content":{"rendered":"\n<p>Sportivul rom\u00e2n Marcel Cercea a cucerit medalia de bronz la cat. 73 kg, s\u00e2mb\u0103t\u0103, la Campionatele Europene de judo Under-23 de la Gyor (Ungaria).<\/p>\n\n\n\n<p>Cercea l-a \u00eenvins \u00een turul al doilea pe macedoneanul Borce Angelov, \u00een optimi a trecut de elve\u0163ianul Timo Allemann, \u00een sferturi \u00een fa\u0163a austriacului Christopher Wagner, dar a pierdut semifinala cu kosovarul Akil Gjakova, c\u00e2\u015ftig\u00e2nd meciul pentru bronz cu georgianul Aleko Mamia\u015fvili.<\/p>\n\n\n\n<p class=\"has-text-align-right\"><a href=\"https:\/\/www.agerpres.ro\/sport-extern\/2018\/11\/03\/judo-marcel-cercea-medaliat-cu-bronz-la-europenele-under-23--204713\" target=\"_blank\" rel=\"noreferrer noopener\"><strong>Integral pe agerpres.ro<\/strong><\/a><\/p>\n","protected":false},"excerpt":{"rendered":"<p>Sportivul rom\u00e2n Marcel Cercea a cucerit medalia de bronz la cat. 73 kg, s\u00e2mb\u0103t\u0103, la Campionatele Europene de judo Under-23 de la Gyor (Ungaria). Cercea l-a \u00eenvins \u00een turul al doilea pe macedoneanul Borce Angelov, \u00een optimi a trecut de elve\u0163ianul Timo Allemann, \u00een sferturi \u00een fa\u0163a austriacului Christopher Wagner, dar a pierdut semifinala cu [&hellip;]<\/p>\n","protected":false},"author":2,"featured_media":869,"comment_status":"open","ping_status":"open","sticky":false,"template":"","format":"standard","meta":[],"categories":[166],"tags":[],"_links":{"self":[{"href":"https:\/\/stiri.frjudo.ro\/index.php\/wp-json\/wp\/v2\/posts\/868"}],"collection":[{"href":"https:\/\/stiri.frjudo.ro\/index.php\/wp-json\/wp\/v2\/posts"}],"about":[{"href":"https:\/\/stiri.frjudo.ro\/index.php\/wp-json\/wp\/v2\/types\/post"}],"author":[{"embeddable":true,"href":"https:\/\/stiri.frjudo.ro\/index.php\/wp-json\/wp\/v2\/users\/2"}],"replies":[{"embeddable":true,"href":"https:\/\/stiri.frjudo.ro\/index.php\/wp-json\/wp\/v2\/comments?post=868"}],"version-history":[{"count":1,"href":"https:\/\/stiri.frjudo.ro\/index.php\/wp-json\/wp\/v2\/posts\/868\/revisions"}],"predecessor-version":[{"id":870,"href":"https:\/\/stiri.frjudo.ro\/index.php\/wp-json\/wp\/v2\/posts\/868\/revisions\/870"}],"wp:featuredmedia":[{"embeddable":true,"href":"https:\/\/stiri.frjudo.ro\/index.php\/wp-json\/wp\/v2\/media\/869"}],"wp:attachment":[{"href":"https:\/\/stiri.frjudo.ro\/index.php\/wp-json\/wp\/v2\/media?parent=868"}],"wp:term":[{"taxonomy":"category","embeddable":true,"href":"https:\/\/stiri.frjudo.ro\/index.php\/wp-json\/wp\/v2\/categories?post=868"},{"taxonomy":"post_tag","embeddable":true,"href":"https:\/\/stiri.frjudo.ro\/index.php\/wp-json\/wp\/v2\/tags?post=868"}],"curies":[{"name":"wp","href":"https:\/\/api.w.org\/{rel}","templated":true}]}}