{"id":856,"date":"2018-11-19T13:23:00","date_gmt":"2018-11-19T13:23:00","guid":{"rendered":"http:\/\/stiri.frjudo.ro\/?p=856"},"modified":"2021-01-23T18:15:29","modified_gmt":"2021-01-23T18:15:29","slug":"vladut-simionescu-medalie-de-argint-la-grand-prix-ul-de-judo-de-la-haga-a-luptat-accidentat-in-finala","status":"publish","type":"post","link":"https:\/\/stiri.frjudo.ro\/index.php\/2018\/11\/19\/vladut-simionescu-medalie-de-argint-la-grand-prix-ul-de-judo-de-la-haga-a-luptat-accidentat-in-finala\/","title":{"rendered":"Vl\u0103du\u021b Simionescu, medalie de argint la Grand Prix-ul de judo de la Haga! A luptat accidentat \u00een final\u0103"},"content":{"rendered":"\n<p>Rom\u00e2nul <strong>Vl\u0103du\u021b Simionescu<\/strong> a c\u00e2\u0219tigat medalia de aur duminic\u0103, la <strong>Grand Prix-ul<\/strong> de judo de la <strong>Haga,<\/strong> la categoria +100 kg! Sportivul nostru a disputat finala pentru aur \u00een Olanda, \u00eens\u0103 a fost \u00eenvins de ucraineanul <strong>Yahiv Khammo.<\/strong><\/p>\n\n\n\n<p>Legitimat la CS Politehnica Ia\u0219i, unde e antrenat de Costel N\u0103ftic\u0103, Vl\u0103du\u021b Simionescu a avut \u0219i o problem\u0103 de ordin medical \u00een final\u0103: \u00een meciul din penultimul act s-a ales cu o accidentare la mu\u0219chii pectorali \u0219i e suspect chiar de ruptur\u0103.<\/p>\n\n\n\n<p><strong>&#8222;Ast\u0103zi (n.r. duminic\u0103) am ob\u021binut medalia de argint la The Hague Grand Prix-Olanda. O s\u0103 spun c\u0103 din p\u0103cate doar argint pentru c\u0103 de\u0219i mi-am dorit foarte mult medalia de aur \u0219i s\u0103 aud imnul pe podium, nu s-a putut din cauza faptului c\u0103 \u00een semifinal\u0103 am f\u0103cut o \u00eentindere\/ruptura la pectoral \u0219i mi-a fost foarte greu s\u0103 lupt, pentru c\u0103 nu puteam s\u0103 \u00eemi mi\u0219c aproape deloc trunchiul, dar am \u00eencercat \u0219i am crezut \u00een \u0219ansa mea. Din p\u0103cate nu am reu\u0219it sa c\u00e2\u0219tig \u0219i ultimul meci.<\/strong><\/p>\n\n\n\n<p><strong>Sunt mul\u021bumit c\u0103 dup\u0103 dou\u0103 locuri 5 la Grand Prix uri anul acesta, a venit \u00een sf\u00e2rsit \u0219i medalia mult dorita\u0103 \u0219i a\u0219teptat\u0103! Am reu\u0219it s\u0103 \u00eenchei anul competi\u021bional cu bine \u0219i cu o urcare foarte bun\u0103 \u00een clasamentul mondial (de pe locul 38 am ajuns pe locul 25)!&#8221;<\/strong>, a scris Vl\u0103du\u021b Simionescu, pe contul s\u0103u de Facebook.<\/p>\n\n\n\n<p>\u00cen acest moment, <strong>Simionescu<\/strong> ocup\u0103 locul 25 \u00een lume la categoria +100 kg \u0219i este al treilea cel mai bine clasat rom\u00e2n \u00een acest moment. Rom\u00e2nia st\u0103 mai bine la feminin. <strong>Larisa Florian<\/strong> are cea mai bun\u0103 clasare mondial\u0103 dintre sportivii no\u0219tri &#8211; locul 10 la -52 kg. <strong>Alexandra Pop<\/strong> este pe locul 22 la -48 kg. Pozi\u021bii bune au \u0219i <strong>Monica Ungureanu<\/strong> &#8211; locul 25 la -48 kg \u0219i <strong>Loredana Oh\u00e2i<\/strong> &#8211; locul 34 la -57 kg.<\/p>\n\n\n\n<p class=\"has-text-align-right\"><a href=\"https:\/\/www.digisport.ro\/judo\/vladut-simionescu-medalie-de-argint-la-grand-prix-ul-de-judo-de-la-haga-a-luptat-accidentat-in-finala-560494\" target=\"_blank\" rel=\"noreferrer noopener\"><strong>Integral pe digisport.ro<\/strong><\/a><\/p>\n","protected":false},"excerpt":{"rendered":"<p>Rom\u00e2nul Vl\u0103du\u021b Simionescu a c\u00e2\u0219tigat medalia de aur duminic\u0103, la Grand Prix-ul de judo de la Haga, la categoria +100 kg! Sportivul nostru a disputat finala pentru aur \u00een Olanda, \u00eens\u0103 a fost \u00eenvins de ucraineanul Yahiv Khammo. Legitimat la CS Politehnica Ia\u0219i, unde e antrenat de Costel N\u0103ftic\u0103, Vl\u0103du\u021b Simionescu a avut \u0219i o [&hellip;]<\/p>\n","protected":false},"author":2,"featured_media":857,"comment_status":"open","ping_status":"open","sticky":false,"template":"","format":"standard","meta":[],"categories":[166],"tags":[],"_links":{"self":[{"href":"https:\/\/stiri.frjudo.ro\/index.php\/wp-json\/wp\/v2\/posts\/856"}],"collection":[{"href":"https:\/\/stiri.frjudo.ro\/index.php\/wp-json\/wp\/v2\/posts"}],"about":[{"href":"https:\/\/stiri.frjudo.ro\/index.php\/wp-json\/wp\/v2\/types\/post"}],"author":[{"embeddable":true,"href":"https:\/\/stiri.frjudo.ro\/index.php\/wp-json\/wp\/v2\/users\/2"}],"replies":[{"embeddable":true,"href":"https:\/\/stiri.frjudo.ro\/index.php\/wp-json\/wp\/v2\/comments?post=856"}],"version-history":[{"count":1,"href":"https:\/\/stiri.frjudo.ro\/index.php\/wp-json\/wp\/v2\/posts\/856\/revisions"}],"predecessor-version":[{"id":858,"href":"https:\/\/stiri.frjudo.ro\/index.php\/wp-json\/wp\/v2\/posts\/856\/revisions\/858"}],"wp:featuredmedia":[{"embeddable":true,"href":"https:\/\/stiri.frjudo.ro\/index.php\/wp-json\/wp\/v2\/media\/857"}],"wp:attachment":[{"href":"https:\/\/stiri.frjudo.ro\/index.php\/wp-json\/wp\/v2\/media?parent=856"}],"wp:term":[{"taxonomy":"category","embeddable":true,"href":"https:\/\/stiri.frjudo.ro\/index.php\/wp-json\/wp\/v2\/categories?post=856"},{"taxonomy":"post_tag","embeddable":true,"href":"https:\/\/stiri.frjudo.ro\/index.php\/wp-json\/wp\/v2\/tags?post=856"}],"curies":[{"name":"wp","href":"https:\/\/api.w.org\/{rel}","templated":true}]}}