{"id":853,"date":"2020-02-16T10:00:00","date_gmt":"2020-02-16T10:00:00","guid":{"rendered":"http:\/\/stiri.frjudo.ro\/?p=853"},"modified":"2021-01-23T18:12:05","modified_gmt":"2021-01-23T18:12:05","slug":"alexandru-raicu-a-castigat-medalia-de-aur-la-openul-din-austria-cozmin-gusa-se-apropie-de-calificarea-la-olimpiada-video","status":"publish","type":"post","link":"https:\/\/stiri.frjudo.ro\/index.php\/2020\/02\/16\/alexandru-raicu-a-castigat-medalia-de-aur-la-openul-din-austria-cozmin-gusa-se-apropie-de-calificarea-la-olimpiada-video\/","title":{"rendered":"Alexandru Raicu a c\u00e2\u0219tigat medalia de aur la Openul din Austria. Cozmin Gu\u0219\u0103: \u201eSe apropie de calificarea la Olimpiad\u0103!\u201d | VIDEO"},"content":{"rendered":"\n<p>Alexandru Raicu a c\u00e2\u0219tigat aurul la categoria 73 de kilograme \u00een cadrul Openului din Austria. Pre\u0219edintele Federa\u021biei Rom\u00e2ne de Judo, Cozmin Gu\u0219\u0103, a anun\u021bat la Realitatea PLUS, c\u0103 prin evolu\u021bia sa, Raicu, are foarte mari \u0219anse de a se califica la Olimpiada de la Tokio. Rom\u00e2nul l-a \u00eenvins \u00een final\u0103 pe campionul Germaniei, Alexander Gabler, iar \u021bara noastr\u0103 se claseaz\u0103 pe locul doi \u00eentre na\u021biuni la competi\u021bia de pe t\u0103r\u00e2m austriac. Pe locul \u00eent\u00e2i se afl\u0103 Japonia, cu dou\u0103 medalii de aur, iar pe trei, Rusia, cu o medalie de argint \u0219i una de bronz.<\/p>\n\n\n\n<p><strong>\u201e\u00censeamna un aur \u0219i imnul c\u00e2ntat dup\u0103 o perioad\u0103 de relativa seceta la seniori, apropo de medalia de aur. Am mai ob\u021binut \u00een ultima vreme prin Andreea Chi\u021bu, au trecut c\u00e2teva luni de atunci, \u0219i apoi un bronz.<\/strong><\/p>\n\n\n\n<p><strong>E foarte important pentru ca e lupta pentru calificarea la olimpitad\u0103, pe de o parte, pe de alt\u0103 parte, este foarte important\u0103 pentru Alexandru Raicu, \u00een calitatea lui de sportiv t\u00e2n\u0103r. Un baiat foarte d\u00e2rz, dur, 23 de ani, care se afl\u0103 la primul lui aur la seniori. El a mai avut medalii la juniori, la tineret sau la cadeti. De data asta, la competitia asta de seniori, a dat-o bine, am monitorizat toate evolu\u021biile lui de astazi, a fost cel mai bun sportiv din competi\u021bie, de la toate categoriile, \u00een mod evident. Ceea ce ma bucura foarte mult. Este un b\u0103iat extrem de serios, modest, sigur, calitati necesare unui judokan \u0219i unui sportiv de performanta.<\/strong><\/p>\n\n\n\n<p class=\"has-text-align-right\"><strong><a href=\"https:\/\/www.prosport.ro\/alte-sporturi\/alexandru-raicu-a-castigat-medalia-de-aur-la-openul-din-austria-cozmin-gusa-se-apropie-de-calificarea-la-olimpiada-video-18983188\" target=\"_blank\" rel=\"noreferrer noopener\">Integral pe prosport.ro<\/a><\/strong><\/p>\n","protected":false},"excerpt":{"rendered":"<p>Alexandru Raicu a c\u00e2\u0219tigat aurul la categoria 73 de kilograme \u00een cadrul Openului din Austria. Pre\u0219edintele Federa\u021biei Rom\u00e2ne de Judo, Cozmin Gu\u0219\u0103, a anun\u021bat la Realitatea PLUS, c\u0103 prin evolu\u021bia sa, Raicu, are foarte mari \u0219anse de a se califica la Olimpiada de la Tokio. Rom\u00e2nul l-a \u00eenvins \u00een final\u0103 pe campionul Germaniei, Alexander Gabler, [&hellip;]<\/p>\n","protected":false},"author":2,"featured_media":854,"comment_status":"open","ping_status":"open","sticky":false,"template":"","format":"standard","meta":[],"categories":[167,166],"tags":[],"_links":{"self":[{"href":"https:\/\/stiri.frjudo.ro\/index.php\/wp-json\/wp\/v2\/posts\/853"}],"collection":[{"href":"https:\/\/stiri.frjudo.ro\/index.php\/wp-json\/wp\/v2\/posts"}],"about":[{"href":"https:\/\/stiri.frjudo.ro\/index.php\/wp-json\/wp\/v2\/types\/post"}],"author":[{"embeddable":true,"href":"https:\/\/stiri.frjudo.ro\/index.php\/wp-json\/wp\/v2\/users\/2"}],"replies":[{"embeddable":true,"href":"https:\/\/stiri.frjudo.ro\/index.php\/wp-json\/wp\/v2\/comments?post=853"}],"version-history":[{"count":1,"href":"https:\/\/stiri.frjudo.ro\/index.php\/wp-json\/wp\/v2\/posts\/853\/revisions"}],"predecessor-version":[{"id":855,"href":"https:\/\/stiri.frjudo.ro\/index.php\/wp-json\/wp\/v2\/posts\/853\/revisions\/855"}],"wp:featuredmedia":[{"embeddable":true,"href":"https:\/\/stiri.frjudo.ro\/index.php\/wp-json\/wp\/v2\/media\/854"}],"wp:attachment":[{"href":"https:\/\/stiri.frjudo.ro\/index.php\/wp-json\/wp\/v2\/media?parent=853"}],"wp:term":[{"taxonomy":"category","embeddable":true,"href":"https:\/\/stiri.frjudo.ro\/index.php\/wp-json\/wp\/v2\/categories?post=853"},{"taxonomy":"post_tag","embeddable":true,"href":"https:\/\/stiri.frjudo.ro\/index.php\/wp-json\/wp\/v2\/tags?post=853"}],"curies":[{"name":"wp","href":"https:\/\/api.w.org\/{rel}","templated":true}]}}