{"id":729,"date":"2017-04-26T07:46:00","date_gmt":"2017-04-26T07:46:00","guid":{"rendered":"http:\/\/stiri.frjudo.ro\/?p=729"},"modified":"2021-01-23T14:57:22","modified_gmt":"2021-01-23T14:57:22","slug":"cozmin-gusa-anunta-modificari-dupa-europeanul-de-la-varsovia","status":"publish","type":"post","link":"https:\/\/stiri.frjudo.ro\/index.php\/2017\/04\/26\/cozmin-gusa-anunta-modificari-dupa-europeanul-de-la-varsovia\/","title":{"rendered":"Cozmin Gu\u015f\u0103 anun\u0163\u0103 modific\u0103ri dup\u0103 Europeanul de la Var\u015fovia"},"content":{"rendered":"\n<p><strong>Federa\u0163ia Rom\u00e2n\u0103 de Judo ia m\u0103suri imediat dup\u0103 Campionatul European de la Var\u015fovia, \u00eencheiat de delega\u0163ia tricolor\u0103 cu o medalie de bronz, la limit\u0103 \u00een interiorul obiectivului impus, dar departe de a\u015ftept\u0103rile generale care \u00eenso\u0163esc acest sport. Cozmin Gu\u015f\u0103, pre\u015fedintele Federa\u0163iei Rom\u00e2ne de Judo, a detaliat punctual pentru ProSport elementele de strategie avute \u00een vedere de directoratul Federa\u0163iei Rom\u00e2ne de Judo \u00een \u015fedin\u0163a de luni.<\/strong><\/p>\n\n\n\n<p>Modelul din fotbal \u015fi handbal, implementat la lotul masculin: antrenor str\u0103in pentru a cre\u015fte nivelul. Cine preia \u00een prim\u0103 instan\u0163\u0103 nou-\u00eenfiin\u0163atul lot masculin, la Cluj<\/p>\n\n\n\n<p>Federa\u0163ia Rom\u00e2n\u0103 de Judo a luat decizia rapid\u0103 de a re\u00eenfiin\u0163a lotul masculin de judo, duc\u00e2ndu-l la Cluj, al\u0103turi de adev\u0103rata fabric\u0103 de f\u0103cut campioni pentru judo-ul feminin, condus\u0103 de Florin Bercean, dup\u0103 ce judokanii rom\u00e2ni au fost elimina\u0163i de la primul duel. \u201cLa b\u0103ie\u0163i, avem nevoie de o schimbare total\u0103 a preg\u0103tirii \u015fi a strategiei. Judo-ul rom\u00e2nesc masculin nu este la un nivel corespunz\u0103tor, dar nu este lipsit de poten\u0163ial \u015fi pun acest fapt pe seama unor tehnicieni care au fost poate neexperimenta\u0163i sau nep\u0103s\u0103tori. Diferen\u0163ierea loturilor pe mai multe centre, f\u0103r\u0103 centralizarea tuturor sportivilor cu poten\u0163ial \u00eentr-un loc a fost o gre\u015feal\u0103. S-a ajuns aici \u015fi nu mai putem a\u015ftepta s\u0103 st\u0103m doar \u00een rezultatele ocazionale ale lui Daniel Natea. \u00cen consecin\u0163\u0103, vom centraliza un nucleu din circa 20 de sportivi la Cluj, tot \u00een centrul condus de Bercean, dar sub coordonarea lui Adrian Croitoru, marele nostru campion, care a f\u0103cut pasul spre antrenorat \u015fi a acceptat oferta federa\u0163iei\u201d, a anun\u0163at Gu\u015f\u0103.<\/p>\n\n\n\n<p class=\"has-text-align-right\"><a href=\"https:\/\/www.realitatea.net\/stiri\/actual\/judo-cozmin-gusa-anunta-modificari-dupa-europeanul-de-la-varsovia_5dcc924d406af85273d596ec\" target=\"_blank\" rel=\"noreferrer noopener\"><strong>Integral pe realitatea.net<\/strong><\/a><\/p>\n","protected":false},"excerpt":{"rendered":"<p>Federa\u0163ia Rom\u00e2n\u0103 de Judo ia m\u0103suri imediat dup\u0103 Campionatul European de la Var\u015fovia, \u00eencheiat de delega\u0163ia tricolor\u0103 cu o medalie de bronz, la limit\u0103 \u00een interiorul obiectivului impus, dar departe de a\u015ftept\u0103rile generale care \u00eenso\u0163esc acest sport. Cozmin Gu\u015f\u0103, pre\u015fedintele Federa\u0163iei Rom\u00e2ne de Judo, a detaliat punctual pentru ProSport elementele de strategie avute \u00een vedere [&hellip;]<\/p>\n","protected":false},"author":2,"featured_media":730,"comment_status":"open","ping_status":"open","sticky":false,"template":"","format":"standard","meta":[],"categories":[165],"tags":[],"_links":{"self":[{"href":"https:\/\/stiri.frjudo.ro\/index.php\/wp-json\/wp\/v2\/posts\/729"}],"collection":[{"href":"https:\/\/stiri.frjudo.ro\/index.php\/wp-json\/wp\/v2\/posts"}],"about":[{"href":"https:\/\/stiri.frjudo.ro\/index.php\/wp-json\/wp\/v2\/types\/post"}],"author":[{"embeddable":true,"href":"https:\/\/stiri.frjudo.ro\/index.php\/wp-json\/wp\/v2\/users\/2"}],"replies":[{"embeddable":true,"href":"https:\/\/stiri.frjudo.ro\/index.php\/wp-json\/wp\/v2\/comments?post=729"}],"version-history":[{"count":1,"href":"https:\/\/stiri.frjudo.ro\/index.php\/wp-json\/wp\/v2\/posts\/729\/revisions"}],"predecessor-version":[{"id":731,"href":"https:\/\/stiri.frjudo.ro\/index.php\/wp-json\/wp\/v2\/posts\/729\/revisions\/731"}],"wp:featuredmedia":[{"embeddable":true,"href":"https:\/\/stiri.frjudo.ro\/index.php\/wp-json\/wp\/v2\/media\/730"}],"wp:attachment":[{"href":"https:\/\/stiri.frjudo.ro\/index.php\/wp-json\/wp\/v2\/media?parent=729"}],"wp:term":[{"taxonomy":"category","embeddable":true,"href":"https:\/\/stiri.frjudo.ro\/index.php\/wp-json\/wp\/v2\/categories?post=729"},{"taxonomy":"post_tag","embeddable":true,"href":"https:\/\/stiri.frjudo.ro\/index.php\/wp-json\/wp\/v2\/tags?post=729"}],"curies":[{"name":"wp","href":"https:\/\/api.w.org\/{rel}","templated":true}]}}