{"id":717,"date":"2017-04-16T13:03:00","date_gmt":"2017-04-16T13:03:00","guid":{"rendered":"http:\/\/stiri.frjudo.ro\/?p=717"},"modified":"2021-01-23T14:47:12","modified_gmt":"2021-01-23T14:47:12","slug":"pastele-in-familia-judo-ului-romanesc","status":"publish","type":"post","link":"https:\/\/stiri.frjudo.ro\/index.php\/2017\/04\/16\/pastele-in-familia-judo-ului-romanesc\/","title":{"rendered":"Pa\u0219tele \u00een familia judo-ului rom\u00e2nesc"},"content":{"rendered":"\n<p><strong>S\u0103rb\u0103toare \u00een familia Judo-ului rom\u00e2nesc. De\u015fi se preg\u0103tesc intens pentru Europenele de la Var\u015fovia, judokanii rom\u00e2ni au luat o bine-meritat\u0103 pauz\u0103 pentru s\u0103rb\u0103torile pascale. Ace\u015ftia au gustat din produsele tradi\u0163ionale rom\u00e2ne\u015fti \u00eentr-o atmisfer\u0103 plin\u0103 de voie bune, iar p\u00e2n\u0103 la campionatele de Judo, sportivii au avut o competi\u0163ie de ciocnic ou\u0103 ro\u015fii.<\/strong><\/p>\n\n\n\n<p>Andreea Chi\u0163u este o campioan\u0103 des\u0103v\u00e2r\u015fit\u0103 la Judo, iar ast\u0103zi a mai c\u00e2\u015ftigat o competi\u0163ie: cea de cionic ou\u0103 ro\u015fii.<\/p>\n\n\n\n<p>Al\u0103turi de ei, \u00een ziua de Pa\u015fte, s-a aflat \u015fi pre\u015fedintele Federa\u0163iei de Judo, Cozmin Gu\u015f\u0103.<\/p>\n\n\n\n<p>Pe masa lor s-a aflat numai delicatese. \u00cen centrul aten\u0163iei a fost \u00eens\u0103 mielul la pro\u0163ap. Singurul care s-a dat \u00een l\u0103turi de la drob a fost Daniel Natea, poreclit ,,Uria\u015ful din Carpa\u0163i&#8221;. Acesta s-a delectat \u00een schimb cu alte produse tradi\u0163ionale rom\u00e2ne\u015fti.<\/p>\n\n\n\n<p>Atrac\u0163ia zilei a fost ciob\u0103nescul mioritic Siret, c\u00e2\u015ftig\u0103torul Campionatului European Best of Breed. Judokanii se g\u00e2ndesc deja s\u0103 \u00eel adopte drept mascot\u0103 a Judo-ului rom\u00e2nesc.<\/p>\n\n\n\n<p class=\"has-text-align-right\"><a href=\"https:\/\/www.realitatea.net\/stiri\/sport\/pa-tele-in-familia-judo-ului-romanesc_5dcc924c406af85273d58ae1\" target=\"_blank\" rel=\"noreferrer noopener\"><strong>Integral pe realitatea.net<\/strong><\/a><\/p>\n","protected":false},"excerpt":{"rendered":"<p>S\u0103rb\u0103toare \u00een familia Judo-ului rom\u00e2nesc. De\u015fi se preg\u0103tesc intens pentru Europenele de la Var\u015fovia, judokanii rom\u00e2ni au luat o bine-meritat\u0103 pauz\u0103 pentru s\u0103rb\u0103torile pascale. Ace\u015ftia au gustat din produsele tradi\u0163ionale rom\u00e2ne\u015fti \u00eentr-o atmisfer\u0103 plin\u0103 de voie bune, iar p\u00e2n\u0103 la campionatele de Judo, sportivii au avut o competi\u0163ie de ciocnic ou\u0103 ro\u015fii. Andreea Chi\u0163u este [&hellip;]<\/p>\n","protected":false},"author":2,"featured_media":718,"comment_status":"open","ping_status":"open","sticky":false,"template":"","format":"standard","meta":[],"categories":[13],"tags":[],"_links":{"self":[{"href":"https:\/\/stiri.frjudo.ro\/index.php\/wp-json\/wp\/v2\/posts\/717"}],"collection":[{"href":"https:\/\/stiri.frjudo.ro\/index.php\/wp-json\/wp\/v2\/posts"}],"about":[{"href":"https:\/\/stiri.frjudo.ro\/index.php\/wp-json\/wp\/v2\/types\/post"}],"author":[{"embeddable":true,"href":"https:\/\/stiri.frjudo.ro\/index.php\/wp-json\/wp\/v2\/users\/2"}],"replies":[{"embeddable":true,"href":"https:\/\/stiri.frjudo.ro\/index.php\/wp-json\/wp\/v2\/comments?post=717"}],"version-history":[{"count":1,"href":"https:\/\/stiri.frjudo.ro\/index.php\/wp-json\/wp\/v2\/posts\/717\/revisions"}],"predecessor-version":[{"id":719,"href":"https:\/\/stiri.frjudo.ro\/index.php\/wp-json\/wp\/v2\/posts\/717\/revisions\/719"}],"wp:featuredmedia":[{"embeddable":true,"href":"https:\/\/stiri.frjudo.ro\/index.php\/wp-json\/wp\/v2\/media\/718"}],"wp:attachment":[{"href":"https:\/\/stiri.frjudo.ro\/index.php\/wp-json\/wp\/v2\/media?parent=717"}],"wp:term":[{"taxonomy":"category","embeddable":true,"href":"https:\/\/stiri.frjudo.ro\/index.php\/wp-json\/wp\/v2\/categories?post=717"},{"taxonomy":"post_tag","embeddable":true,"href":"https:\/\/stiri.frjudo.ro\/index.php\/wp-json\/wp\/v2\/tags?post=717"}],"curies":[{"name":"wp","href":"https:\/\/api.w.org\/{rel}","templated":true}]}}