{"id":708,"date":"2017-03-25T20:02:00","date_gmt":"2017-03-25T20:02:00","guid":{"rendered":"http:\/\/stiri.frjudo.ro\/?p=708"},"modified":"2021-01-23T14:39:15","modified_gmt":"2021-01-23T14:39:15","slug":"alexandru-bologa-ar-trebui-o-carte-pentru-a-putea-descrie-ce-traiesti-pe-podium","status":"publish","type":"post","link":"https:\/\/stiri.frjudo.ro\/index.php\/2017\/03\/25\/alexandru-bologa-ar-trebui-o-carte-pentru-a-putea-descrie-ce-traiesti-pe-podium\/","title":{"rendered":"Alexandru Bologa &#8211; Ar trebui o carte pentru a putea descrie ce tr\u0103ie\u015fti pe podium"},"content":{"rendered":"\n<p><strong>Judoka Alexandru Bologa, medaliat cu bronz de la Jocurile Paralimpice de la Rio 2016, a retr\u0103it la invita\u0163ia unor tineri emo\u0163iile cuceririi unei medalii olimpice, sportivul preciz\u00e2nd c\u0103 ar fi nevoie de o carte pentru a descrie emo\u0163iile tr\u0103ite pe podium.<\/strong><\/p>\n\n\n\n<p>Originar din localitatea Der\u015fida, din S\u0103laj, Alexandru Bologa a fost invitat la Zal\u0103u \u00een cadrul unei campanii a Clubului Impact LEGO al Colegiului Na\u0163ional &#8222;Silvania&#8221;, intitulat\u0103 &#8222;Tineri cu SCOP (succes, curaj, originalitate \u015fi pasiune)&#8221;, s\u0103 promoveze patru tineri ai comunit\u0103\u0163ii.<\/p>\n\n\n\n<p>S\u0103mb\u0103t\u0103, a fost r\u00e2ndul lui Alexandru Bologa s\u0103 relateze cum se descurc\u0103 un t\u00e2n\u0103r lipsit de vedere \u015fi ce \u00eenseamn\u0103 cucerirea unei medalii olimpice.<\/p>\n\n\n\n<p>Judoka le-a precizat liceenilor c\u0103 pe l\u00e2ng\u0103 antrenamentul fizic \u015fi cel psihologic este foarte important, deoarece acesta te ajut\u0103 s\u0103 te adaptezi, s\u0103 te pliezi noilor confrunt\u0103ri din competi\u0163ie.<\/p>\n\n\n\n<p>&#8222;Sportul ajut\u0103 \u00een dezvoltarea personal\u0103, \u00een echilibrul emo\u0163ional \u015fi numai. Fac 11 antrenamente pe s\u0103pt\u0103m\u00e2n\u0103. Antrenamentele decurg normal, adic\u0103 nu pot s\u0103 zic \u015fi nimeni nu zice c\u0103 eu a\u015f avea o deficien\u0163\u0103. \u00cencerc s\u0103 fac acelea\u015fi tehnici ca \u015fi sportivii normali. (\u2026) Dac\u0103 munce\u015fti, cu siguran\u0163\u0103 vei ajunge undeva sus&#8221;, a ad\u0103ugat Alexandru Bologa.<\/p>\n\n\n\n<p class=\"has-text-align-right\"><a rel=\"noreferrer noopener\" href=\"https:\/\/www.realitatea.net\/stiri\/actual\/campionatul-national-de-judo-pentru-juniori-in-acest-weekend_5dcc9249406af85273d560e7\" target=\"_blank\"><strong>Integral pe agerpres.ro<\/strong><\/a><\/p>\n","protected":false},"excerpt":{"rendered":"<p>Judoka Alexandru Bologa, medaliat cu bronz de la Jocurile Paralimpice de la Rio 2016, a retr\u0103it la invita\u0163ia unor tineri emo\u0163iile cuceririi unei medalii olimpice, sportivul preciz\u00e2nd c\u0103 ar fi nevoie de o carte pentru a descrie emo\u0163iile tr\u0103ite pe podium. Originar din localitatea Der\u015fida, din S\u0103laj, Alexandru Bologa a fost invitat la Zal\u0103u \u00een [&hellip;]<\/p>\n","protected":false},"author":2,"featured_media":709,"comment_status":"open","ping_status":"open","sticky":false,"template":"","format":"standard","meta":[],"categories":[13],"tags":[],"_links":{"self":[{"href":"https:\/\/stiri.frjudo.ro\/index.php\/wp-json\/wp\/v2\/posts\/708"}],"collection":[{"href":"https:\/\/stiri.frjudo.ro\/index.php\/wp-json\/wp\/v2\/posts"}],"about":[{"href":"https:\/\/stiri.frjudo.ro\/index.php\/wp-json\/wp\/v2\/types\/post"}],"author":[{"embeddable":true,"href":"https:\/\/stiri.frjudo.ro\/index.php\/wp-json\/wp\/v2\/users\/2"}],"replies":[{"embeddable":true,"href":"https:\/\/stiri.frjudo.ro\/index.php\/wp-json\/wp\/v2\/comments?post=708"}],"version-history":[{"count":1,"href":"https:\/\/stiri.frjudo.ro\/index.php\/wp-json\/wp\/v2\/posts\/708\/revisions"}],"predecessor-version":[{"id":710,"href":"https:\/\/stiri.frjudo.ro\/index.php\/wp-json\/wp\/v2\/posts\/708\/revisions\/710"}],"wp:featuredmedia":[{"embeddable":true,"href":"https:\/\/stiri.frjudo.ro\/index.php\/wp-json\/wp\/v2\/media\/709"}],"wp:attachment":[{"href":"https:\/\/stiri.frjudo.ro\/index.php\/wp-json\/wp\/v2\/media?parent=708"}],"wp:term":[{"taxonomy":"category","embeddable":true,"href":"https:\/\/stiri.frjudo.ro\/index.php\/wp-json\/wp\/v2\/categories?post=708"},{"taxonomy":"post_tag","embeddable":true,"href":"https:\/\/stiri.frjudo.ro\/index.php\/wp-json\/wp\/v2\/tags?post=708"}],"curies":[{"name":"wp","href":"https:\/\/api.w.org\/{rel}","templated":true}]}}