{"id":705,"date":"2017-03-19T23:20:00","date_gmt":"2017-03-19T23:20:00","guid":{"rendered":"http:\/\/stiri.frjudo.ro\/?p=705"},"modified":"2021-01-23T14:30:04","modified_gmt":"2021-01-23T14:30:04","slug":"vlad-visan-medaliat-cu-bronz-la-santiago-de-chile","status":"publish","type":"post","link":"https:\/\/stiri.frjudo.ro\/index.php\/2017\/03\/19\/vlad-visan-medaliat-cu-bronz-la-santiago-de-chile\/","title":{"rendered":"Vlad Vi\u0219an, medaliat cu bronz la Santiago de Chile"},"content":{"rendered":"\n<p><strong>Sportivul rom\u00e2n Vlad Vi\u0219an a cucerit medalia de bronz la turneul de judo Pan-American Open de la Santiago de Chile, \u00een limitele categoriei 81 kg.<\/strong><\/p>\n\n\n\n<p>Vi\u0219an l-a \u00eenvins \u00een primul tur pe uruguayanul Alain Aprahamian, apoi a fost \u00eentrecut de chilianul Fernando Salazar, dar \u00een recalific\u0103ri s-a impus \u00een fa\u021ba canadianului Jeremie Poirier, pentru ca \u00een meciul pentru medalia de bronz s\u0103 \u00eel \u00eenving\u0103 pe argentinianul Tomas Morales Martinatto.<\/p>\n\n\n\n<p>La cat. 73 kg, rom\u00e2nul Robert Florian Papp a fost \u00eentrecut \u00een primul tur de chilianul Tomas Bringas, conform Agerpres.<\/p>\n\n\n\n<p>La competi\u021bie au participat 123 de judoka din 13 \u021b\u0103ri, 82 de masculin \u0219i 41 la feminin.<\/p>\n\n\n\n<p class=\"has-text-align-right\"><a href=\"https:\/\/www.realitatea.net\/stiri\/sport\/judo-vlad-vi-an-medaliat-cu-bronz-la-santiago-de-chile_5dcc9249406af85273d56449\" target=\"_blank\" rel=\"noreferrer noopener\"><strong>Integral pe realitatea.net<\/strong><\/a><\/p>\n","protected":false},"excerpt":{"rendered":"<p>Sportivul rom\u00e2n Vlad Vi\u0219an a cucerit medalia de bronz la turneul de judo Pan-American Open de la Santiago de Chile, \u00een limitele categoriei 81 kg. Vi\u0219an l-a \u00eenvins \u00een primul tur pe uruguayanul Alain Aprahamian, apoi a fost \u00eentrecut de chilianul Fernando Salazar, dar \u00een recalific\u0103ri s-a impus \u00een fa\u021ba canadianului Jeremie Poirier, pentru ca [&hellip;]<\/p>\n","protected":false},"author":2,"featured_media":706,"comment_status":"open","ping_status":"open","sticky":false,"template":"","format":"standard","meta":[],"categories":[166],"tags":[],"_links":{"self":[{"href":"https:\/\/stiri.frjudo.ro\/index.php\/wp-json\/wp\/v2\/posts\/705"}],"collection":[{"href":"https:\/\/stiri.frjudo.ro\/index.php\/wp-json\/wp\/v2\/posts"}],"about":[{"href":"https:\/\/stiri.frjudo.ro\/index.php\/wp-json\/wp\/v2\/types\/post"}],"author":[{"embeddable":true,"href":"https:\/\/stiri.frjudo.ro\/index.php\/wp-json\/wp\/v2\/users\/2"}],"replies":[{"embeddable":true,"href":"https:\/\/stiri.frjudo.ro\/index.php\/wp-json\/wp\/v2\/comments?post=705"}],"version-history":[{"count":1,"href":"https:\/\/stiri.frjudo.ro\/index.php\/wp-json\/wp\/v2\/posts\/705\/revisions"}],"predecessor-version":[{"id":707,"href":"https:\/\/stiri.frjudo.ro\/index.php\/wp-json\/wp\/v2\/posts\/705\/revisions\/707"}],"wp:featuredmedia":[{"embeddable":true,"href":"https:\/\/stiri.frjudo.ro\/index.php\/wp-json\/wp\/v2\/media\/706"}],"wp:attachment":[{"href":"https:\/\/stiri.frjudo.ro\/index.php\/wp-json\/wp\/v2\/media?parent=705"}],"wp:term":[{"taxonomy":"category","embeddable":true,"href":"https:\/\/stiri.frjudo.ro\/index.php\/wp-json\/wp\/v2\/categories?post=705"},{"taxonomy":"post_tag","embeddable":true,"href":"https:\/\/stiri.frjudo.ro\/index.php\/wp-json\/wp\/v2\/tags?post=705"}],"curies":[{"name":"wp","href":"https:\/\/api.w.org\/{rel}","templated":true}]}}