{"id":697,"date":"2017-03-12T09:14:00","date_gmt":"2017-03-12T09:14:00","guid":{"rendered":"http:\/\/stiri.frjudo.ro\/?p=697"},"modified":"2021-01-23T14:18:29","modified_gmt":"2021-01-23T14:18:29","slug":"weekend-de-aur-pentru-judo-adrian-sulca-medalie-de-aur-la-zagreb","status":"publish","type":"post","link":"https:\/\/stiri.frjudo.ro\/index.php\/2017\/03\/12\/weekend-de-aur-pentru-judo-adrian-sulca-medalie-de-aur-la-zagreb\/","title":{"rendered":"Weekend de aur pentru Judo! Adrian Sulca, medalie de aur la Zagreb"},"content":{"rendered":"\n<p><strong>Weekend de aur pentru judo-ul rom\u00e2nesc! Dup\u0103 ce Larisa Florian a ob\u0163inut aurul la Grand Slam-ul de la Baku, juniorul Adrian Sulca \u015fi-a adjudecat primul loc la Cupa European\u0103 pentru Cade\u0163i de la Zagreb! Nici judoka Alex Bologa nu s-a l\u0103sat mai prejos! Lupt\u0103torul a ob\u0163inut locul \u00eent\u00e2i \u00een Brazilia, la Competi\u0163ia pentru nev\u0103z\u0103tori.<\/strong><\/p>\n\n\n\n<p>Adrian Sulca a ob\u0163inut un rezultat extraordinar: medalia de aur la Cupa European\u0103 la Judo pentru Cade\u0163i de la Zagreb, din Croa\u0163ia, la categoria 66 de kilograme.<\/p>\n\n\n\n<p>\u015ei Alex Bologa \u00ee\u015fi continu\u0103 seria de performan\u0163e. Medaliat cu aur la Openul Japoniei pentru nev\u0103z\u0103tori \u015fi cu bronz la Jocurile Paralimpice de la Rio, judoka Alexandru Bologa a ob\u0163inut \u015fi locul I la campionatul pentru nev\u0103z\u0103tori din Brazilia.<\/p>\n\n\n\n<p>Performan\u0163ele b\u0103ie\u0163ilor vin dup\u0103 ce Larisa Florian a cucerit vineri aurul la Grand Slam-ul de la Baku. \u00cen primul meci din sferturi, Larisa a trecut de campioana european\u0103 de judo, belgianca Charline Van Snick. Iar \u00een semifinale rom\u00e2nca a \u00eenvins o campioan\u0103 olimpic\u0103, pe brazilianca Sarah Menezes.<\/p>\n\n\n\n<p class=\"has-text-align-right\"><a href=\"https:\/\/www.realitatea.net\/stiri\/sport\/noi-performan-e-in-judo-adrian-sulca-medalie-de-aur-la-zagreb_5dcc9249406af85273d55a14\" target=\"_blank\" rel=\"noreferrer noopener\"><strong>Integral pe realitatea.net<\/strong><\/a><\/p>\n","protected":false},"excerpt":{"rendered":"<p>Weekend de aur pentru judo-ul rom\u00e2nesc! Dup\u0103 ce Larisa Florian a ob\u0163inut aurul la Grand Slam-ul de la Baku, juniorul Adrian Sulca \u015fi-a adjudecat primul loc la Cupa European\u0103 pentru Cade\u0163i de la Zagreb! Nici judoka Alex Bologa nu s-a l\u0103sat mai prejos! Lupt\u0103torul a ob\u0163inut locul \u00eent\u00e2i \u00een Brazilia, la Competi\u0163ia pentru nev\u0103z\u0103tori. Adrian [&hellip;]<\/p>\n","protected":false},"author":2,"featured_media":698,"comment_status":"open","ping_status":"open","sticky":false,"template":"","format":"standard","meta":[],"categories":[166],"tags":[],"_links":{"self":[{"href":"https:\/\/stiri.frjudo.ro\/index.php\/wp-json\/wp\/v2\/posts\/697"}],"collection":[{"href":"https:\/\/stiri.frjudo.ro\/index.php\/wp-json\/wp\/v2\/posts"}],"about":[{"href":"https:\/\/stiri.frjudo.ro\/index.php\/wp-json\/wp\/v2\/types\/post"}],"author":[{"embeddable":true,"href":"https:\/\/stiri.frjudo.ro\/index.php\/wp-json\/wp\/v2\/users\/2"}],"replies":[{"embeddable":true,"href":"https:\/\/stiri.frjudo.ro\/index.php\/wp-json\/wp\/v2\/comments?post=697"}],"version-history":[{"count":1,"href":"https:\/\/stiri.frjudo.ro\/index.php\/wp-json\/wp\/v2\/posts\/697\/revisions"}],"predecessor-version":[{"id":699,"href":"https:\/\/stiri.frjudo.ro\/index.php\/wp-json\/wp\/v2\/posts\/697\/revisions\/699"}],"wp:featuredmedia":[{"embeddable":true,"href":"https:\/\/stiri.frjudo.ro\/index.php\/wp-json\/wp\/v2\/media\/698"}],"wp:attachment":[{"href":"https:\/\/stiri.frjudo.ro\/index.php\/wp-json\/wp\/v2\/media?parent=697"}],"wp:term":[{"taxonomy":"category","embeddable":true,"href":"https:\/\/stiri.frjudo.ro\/index.php\/wp-json\/wp\/v2\/categories?post=697"},{"taxonomy":"post_tag","embeddable":true,"href":"https:\/\/stiri.frjudo.ro\/index.php\/wp-json\/wp\/v2\/tags?post=697"}],"curies":[{"name":"wp","href":"https:\/\/api.w.org\/{rel}","templated":true}]}}