{"id":637,"date":"2020-11-06T20:39:00","date_gmt":"2020-11-06T20:39:00","guid":{"rendered":"http:\/\/stiri.frjudo.ro\/?p=637"},"modified":"2021-01-23T21:18:44","modified_gmt":"2021-01-23T21:18:44","slug":"ultima-ora-alex-cret-si-eduard-serban-au-adus-doua-medalii-de-la-campionatul-european-de-judo-juniori","status":"publish","type":"post","link":"https:\/\/stiri.frjudo.ro\/index.php\/2020\/11\/06\/ultima-ora-alex-cret-si-eduard-serban-au-adus-doua-medalii-de-la-campionatul-european-de-judo-juniori\/","title":{"rendered":"ULTIMA OR\u0102 | Alex Cre\u021b \u0219i Eduard \u0218erban au adus dou\u0103 medalii de la Campionatul European de Judo Juniori!"},"content":{"rendered":"\n<p><strong>[dropcap]C[\/dropcap]ozmin Gu\u0219\u0103, pre\u0219edintele Federa\u021biei Rom\u00e2ne de Judo, a anun\u021bat, pe pagina personal\u0103 de Facebook, c\u0103 tinerii Alex Cre\u021b \u0219i Eduard \u0218erban au adus Rom\u00e2niei dou\u0103 medalii de la Campionatul European de Judo Juniori.<\/strong><\/p>\n\n\n\n<p>Pe data de 9 noiembrie urmeaz\u0103 s\u0103 se desf\u0103\u0219oare \u0219i Campionatul European de Judo pentru Tineret.<\/p>\n\n\n\n<p>Alex Cre\u021b este antrenat de Emil Morar, \u00een timp de Eduard \u0218erban este preg\u0103tit de Vali Ioni\u021b\u0103.<\/p>\n\n\n\n<h2>Alex Cre\u021b \u0219i Eduard \u0218erban au adus dou\u0103 medalii de la Campionatul European de Judo Juniori<\/h2>\n\n\n\n<p>Cozmin Gu\u0219\u0103 s-a declarat foarte fericit de performan\u021bele celor doi judokani rom\u00e2ni. Acesta are speran\u021be c\u0103 se vor ob\u021bine rezultate bune \u0219i la Europeanul de Tineret.<\/p>\n\n\n\n<p><em><strong>\u201eARGINT \u0219i BRONZ LA EUROPENELE DE JUDO JUNIORI!<\/strong><\/em><br><em><strong>ALEX CRE\u021a (90 kg) \u0219i EDUARD \u0218ERBAN (100 kg) s-au b\u0103tut azi foarte bine \u00een Croa\u021bia, \u0219i au adus judo-ului nostru \u0219i ROM\u00c2NIEI 2 medalii valoroase la Campionatele Europene!<\/strong><\/em><br><em><strong>Sunt doi tineri puternici \u0219i ambitio\u0219i, care-mi dau speran\u021be \u0219i pentru Europenele de Tineret de peste 3 zile!<\/strong><\/em><br><em><strong>\u00cei pute\u021bi vedea \u00een poze, bravo lor \u0219i antrenorilor lor, EMIL MORAR \u0219i respectiv, VALI IONI\u021a\u0102!<\/strong><\/em><br><em><strong>HAI ROM\u00c2NIA!\u201d<\/strong><\/em>, a scris Cozmin Gu\u0219\u0103, pe pagina personal\u0103 de Facebook.<\/p>\n\n\n\n<p class=\"has-text-align-right\"><a href=\"https:\/\/www.prosport.ro\/alte-sporturi\/alex-cret-si-eduard-serban-au-adus-doua-medalii-de-la-campionatul-european-de-judo-juniori-19137080\" target=\"_blank\" rel=\"noreferrer noopener\"><strong>Integral pe prosport.ro<\/strong><\/a><\/p>\n","protected":false},"excerpt":{"rendered":"<p>[dropcap]C[\/dropcap]ozmin Gu\u0219\u0103, pre\u0219edintele Federa\u021biei Rom\u00e2ne de Judo, a anun\u021bat, pe pagina personal\u0103 de Facebook, c\u0103 tinerii Alex Cre\u021b \u0219i Eduard \u0218erban au adus Rom\u00e2niei dou\u0103 medalii de la Campionatul European de Judo Juniori. Pe data de 9 noiembrie urmeaz\u0103 s\u0103 se desf\u0103\u0219oare \u0219i Campionatul European de Judo pentru Tineret. Alex Cre\u021b este antrenat de Emil [&hellip;]<\/p>\n","protected":false},"author":2,"featured_media":638,"comment_status":"open","ping_status":"open","sticky":false,"template":"","format":"standard","meta":[],"categories":[166],"tags":[],"_links":{"self":[{"href":"https:\/\/stiri.frjudo.ro\/index.php\/wp-json\/wp\/v2\/posts\/637"}],"collection":[{"href":"https:\/\/stiri.frjudo.ro\/index.php\/wp-json\/wp\/v2\/posts"}],"about":[{"href":"https:\/\/stiri.frjudo.ro\/index.php\/wp-json\/wp\/v2\/types\/post"}],"author":[{"embeddable":true,"href":"https:\/\/stiri.frjudo.ro\/index.php\/wp-json\/wp\/v2\/users\/2"}],"replies":[{"embeddable":true,"href":"https:\/\/stiri.frjudo.ro\/index.php\/wp-json\/wp\/v2\/comments?post=637"}],"version-history":[{"count":2,"href":"https:\/\/stiri.frjudo.ro\/index.php\/wp-json\/wp\/v2\/posts\/637\/revisions"}],"predecessor-version":[{"id":937,"href":"https:\/\/stiri.frjudo.ro\/index.php\/wp-json\/wp\/v2\/posts\/637\/revisions\/937"}],"wp:featuredmedia":[{"embeddable":true,"href":"https:\/\/stiri.frjudo.ro\/index.php\/wp-json\/wp\/v2\/media\/638"}],"wp:attachment":[{"href":"https:\/\/stiri.frjudo.ro\/index.php\/wp-json\/wp\/v2\/media?parent=637"}],"wp:term":[{"taxonomy":"category","embeddable":true,"href":"https:\/\/stiri.frjudo.ro\/index.php\/wp-json\/wp\/v2\/categories?post=637"},{"taxonomy":"post_tag","embeddable":true,"href":"https:\/\/stiri.frjudo.ro\/index.php\/wp-json\/wp\/v2\/tags?post=637"}],"curies":[{"name":"wp","href":"https:\/\/api.w.org\/{rel}","templated":true}]}}