{"id":228,"date":"2021-01-17T11:09:02","date_gmt":"2021-01-17T11:09:02","guid":{"rendered":"http:\/\/stiri.frjudo.ro\/index.php\/2021\/01\/17\/5-places-that-make-a-great-holiday\/"},"modified":"2021-01-24T12:25:09","modified_gmt":"2021-01-24T12:25:09","slug":"despagubiri-record-pentru-antrenorul-naionalei-demis-in-2018-federaia-romana-trebuie-sa-i-achite-peste-100-000-de-euro","status":"publish","type":"post","link":"https:\/\/stiri.frjudo.ro\/index.php\/2021\/01\/17\/despagubiri-record-pentru-antrenorul-naionalei-demis-in-2018-federaia-romana-trebuie-sa-i-achite-peste-100-000-de-euro\/","title":{"rendered":"Desp\u0103gubiri-record pentru antrenorul na\u021bionalei demis \u00een 2018: federa\u021bia rom\u00e2n\u0103 trebuie s\u0103-i achite peste 100.000 de euro!"},"content":{"rendered":"\n<p><em><strong>[dropcap]M[\/dropcap]<\/strong>en\u0163ion\u0103m c\u0103 \u00een niciunul dintre articolele publicate de Gsp.ro, jurnalistul sau jurnali\u015ftii acestui trust, nu au urm\u0103rit aflarea adev\u0103rului \u015fi nu au \u00eencercat niciodat\u0103 s\u0103 afle p\u0103rerea avizat\u0103 a FRJudo, asa cum deontologic o cerea meseria. \u00cen acela\u015fi timp toate deciziile instan\u0163elor despre care se face referire \u00een articolele publicate NU AU LA BAZ\u0102 O DECIZIE DEFINITIV\u0102!<\/em><\/p>\n\n\n\n<p><strong>\u00cen august 2018, antrenorul lotului olimpic de judo masculin, Adrian Croitoru, a fost dat afar\u0103 de FRJ, la interven\u021bia cuplului Gu\u0219\u0103 (pre\u0219edinte) \u2013 Bercean (vicepre\u0219edinte).<\/strong><\/p>\n\n\n\n<p class=\"has-text-align-right\"><strong><a href=\"https:\/\/www.gsp.ro\/sporturi\/altele\/despagubiri-record-pentru-antrenorul-nationalei-demis-in-2018-federatia-romana-trebuie-sa-i-achite-peste-100000-de-euro-603737.html\" target=\"_blank\" rel=\"noreferrer noopener\">Integral pe gsp.ro<\/a><\/strong><\/p>\n","protected":false},"excerpt":{"rendered":"<p>[dropcap]M[\/dropcap]en\u0163ion\u0103m c\u0103 \u00een niciunul dintre articolele publicate de Gsp.ro, jurnalistul sau jurnali\u015ftii acestui trust, nu au urm\u0103rit aflarea adev\u0103rului \u015fi nu au \u00eencercat niciodat\u0103 s\u0103 afle p\u0103rerea avizat\u0103 a FRJudo, asa cum deontologic o cerea meseria. \u00cen acela\u015fi timp toate deciziile instan\u0163elor despre care se face referire \u00een articolele publicate NU AU LA BAZ\u0102 O [&hellip;]<\/p>\n","protected":false},"author":2,"featured_media":335,"comment_status":"open","ping_status":"open","sticky":false,"template":"","format":"standard","meta":[],"categories":[158],"tags":[],"_links":{"self":[{"href":"https:\/\/stiri.frjudo.ro\/index.php\/wp-json\/wp\/v2\/posts\/228"}],"collection":[{"href":"https:\/\/stiri.frjudo.ro\/index.php\/wp-json\/wp\/v2\/posts"}],"about":[{"href":"https:\/\/stiri.frjudo.ro\/index.php\/wp-json\/wp\/v2\/types\/post"}],"author":[{"embeddable":true,"href":"https:\/\/stiri.frjudo.ro\/index.php\/wp-json\/wp\/v2\/users\/2"}],"replies":[{"embeddable":true,"href":"https:\/\/stiri.frjudo.ro\/index.php\/wp-json\/wp\/v2\/comments?post=228"}],"version-history":[{"count":6,"href":"https:\/\/stiri.frjudo.ro\/index.php\/wp-json\/wp\/v2\/posts\/228\/revisions"}],"predecessor-version":[{"id":1120,"href":"https:\/\/stiri.frjudo.ro\/index.php\/wp-json\/wp\/v2\/posts\/228\/revisions\/1120"}],"wp:featuredmedia":[{"embeddable":true,"href":"https:\/\/stiri.frjudo.ro\/index.php\/wp-json\/wp\/v2\/media\/335"}],"wp:attachment":[{"href":"https:\/\/stiri.frjudo.ro\/index.php\/wp-json\/wp\/v2\/media?parent=228"}],"wp:term":[{"taxonomy":"category","embeddable":true,"href":"https:\/\/stiri.frjudo.ro\/index.php\/wp-json\/wp\/v2\/categories?post=228"},{"taxonomy":"post_tag","embeddable":true,"href":"https:\/\/stiri.frjudo.ro\/index.php\/wp-json\/wp\/v2\/tags?post=228"}],"curies":[{"name":"wp","href":"https:\/\/api.w.org\/{rel}","templated":true}]}}