{"id":221,"date":"2021-01-17T11:08:51","date_gmt":"2021-01-17T11:08:51","guid":{"rendered":"http:\/\/stiri.frjudo.ro\/index.php\/2021\/01\/17\/blue-hybrido\/"},"modified":"2021-01-24T12:21:49","modified_gmt":"2021-01-24T12:21:49","slug":"lotul-de-judo-al-romaniei-s-a-intalnit-cu-legendarul-yasuhiro-yamashita","status":"publish","type":"post","link":"https:\/\/stiri.frjudo.ro\/index.php\/2021\/01\/17\/lotul-de-judo-al-romaniei-s-a-intalnit-cu-legendarul-yasuhiro-yamashita\/","title":{"rendered":"Lotul de judo al Rom\u00e2niei s-a \u00eent\u00e2lnit cu legendarul Yasuhiro Yamashita"},"content":{"rendered":"\n<p><strong><strong>[dropcap]L[\/dropcap]<\/strong>otul de judo al Rom\u00e2niei, condus de pre\u0219edintele Federa\u021biei Rom\u00e2ne de Judo Cozmin Gu\u0219\u0103, s-a \u00eent\u00e2lnit cu Yasuhiro Yamashita (62 de ani), unul dintre cei mai de succes judoka din toate timpurile, numit pre\u0219edintele Comitetului Olimpic Japonez, adic\u0103 omul cel mai important care preg\u0103te\u0219te Olimpiada din 2020.<\/strong><\/p>\n\n\n\n<p>\u00cen cadrul vizitei, s-au consolidat bazele colabor\u0103rii rom\u00e2no-japoneze, iar Yasuhiro Yamashita va sprijini centrul cultural sportiv pe care Cozmin Gu\u0219\u0103 vrea s\u0103 \u00eel fac\u0103 la Cluj, \u00eempreun\u0103 cu prefectura din Fukuoka.<\/p>\n\n\n\n<p>\u00cen plus, Yasuhiro Yamashita va contribui la dezvoltarea rela\u021biilor rom\u00e2no-japoneze \u00een plan sportiv.<\/p>\n\n\n\n<p>\u00centrevederea a reprezentat un moment emo\u021bionant pentru delega\u021bia rom\u00e2n\u0103, sportivii s-au fotografiat al\u0103turi de Yasuhiro Yamashita, iar atmosfera a fost destins\u0103.<\/p>\n\n\n\n<p>\u00cent\u00e2lnirea delega\u0163iei rom\u00e2ne cu marele campion a avut loc la sediul Comitetului Olimpic Japonez. Lotul nostru de judo va mai r\u0103m\u00e2ne \u00een Japonia \u015fi va s\u0103rb\u0103tori acolo, la mii de kilometri distan\u0163\u0103, Ziua Na\u0163ional\u0103 a Rom\u00e2niei.&nbsp;<\/p>\n\n\n\n<figure class=\"wp-block-embed is-type-video is-provider-youtube wp-block-embed-youtube wp-embed-aspect-4-3 wp-has-aspect-ratio\"><div class=\"wp-block-embed__wrapper\">\n<iframe title=\"Lotul de judo al Rom\u00e2niei s-a \u00eent\u00e2lnit cu legendarul Yasuhiro Yamashita\" width=\"900\" height=\"675\" src=\"https:\/\/www.youtube.com\/embed\/Jc9we9nVnvY?feature=oembed\" frameborder=\"0\" allow=\"accelerometer; autoplay; clipboard-write; encrypted-media; gyroscope; picture-in-picture\" allowfullscreen><\/iframe>\n<\/div><\/figure>\n\n\n\n<p class=\"has-text-align-right\"><strong><em>Sursa: YouTube \u2013 Realitatea.net<\/em><\/strong><\/p>\n","protected":false},"excerpt":{"rendered":"<p>[dropcap]L[\/dropcap]otul de judo al Rom\u00e2niei, condus de pre\u0219edintele Federa\u021biei Rom\u00e2ne de Judo Cozmin Gu\u0219\u0103, s-a \u00eent\u00e2lnit cu Yasuhiro Yamashita (62 de ani), unul dintre cei mai de succes judoka din toate timpurile, numit pre\u0219edintele Comitetului Olimpic Japonez, adic\u0103 omul cel mai important care preg\u0103te\u0219te Olimpiada din 2020. \u00cen cadrul vizitei, s-au consolidat bazele colabor\u0103rii rom\u00e2no-japoneze, [&hellip;]<\/p>\n","protected":false},"author":2,"featured_media":969,"comment_status":"open","ping_status":"open","sticky":false,"template":"","format":"standard","meta":[],"categories":[169],"tags":[],"_links":{"self":[{"href":"https:\/\/stiri.frjudo.ro\/index.php\/wp-json\/wp\/v2\/posts\/221"}],"collection":[{"href":"https:\/\/stiri.frjudo.ro\/index.php\/wp-json\/wp\/v2\/posts"}],"about":[{"href":"https:\/\/stiri.frjudo.ro\/index.php\/wp-json\/wp\/v2\/types\/post"}],"author":[{"embeddable":true,"href":"https:\/\/stiri.frjudo.ro\/index.php\/wp-json\/wp\/v2\/users\/2"}],"replies":[{"embeddable":true,"href":"https:\/\/stiri.frjudo.ro\/index.php\/wp-json\/wp\/v2\/comments?post=221"}],"version-history":[{"count":4,"href":"https:\/\/stiri.frjudo.ro\/index.php\/wp-json\/wp\/v2\/posts\/221\/revisions"}],"predecessor-version":[{"id":1114,"href":"https:\/\/stiri.frjudo.ro\/index.php\/wp-json\/wp\/v2\/posts\/221\/revisions\/1114"}],"wp:featuredmedia":[{"embeddable":true,"href":"https:\/\/stiri.frjudo.ro\/index.php\/wp-json\/wp\/v2\/media\/969"}],"wp:attachment":[{"href":"https:\/\/stiri.frjudo.ro\/index.php\/wp-json\/wp\/v2\/media?parent=221"}],"wp:term":[{"taxonomy":"category","embeddable":true,"href":"https:\/\/stiri.frjudo.ro\/index.php\/wp-json\/wp\/v2\/categories?post=221"},{"taxonomy":"post_tag","embeddable":true,"href":"https:\/\/stiri.frjudo.ro\/index.php\/wp-json\/wp\/v2\/tags?post=221"}],"curies":[{"name":"wp","href":"https:\/\/api.w.org\/{rel}","templated":true}]}}