{"id":210,"date":"2021-01-17T11:08:34","date_gmt":"2021-01-17T11:08:34","guid":{"rendered":"http:\/\/stiri.frjudo.ro\/index.php\/2021\/01\/17\/art-of-slow-motion\/"},"modified":"2021-01-24T12:22:01","modified_gmt":"2021-01-24T12:22:01","slug":"lotul-de-judo-al-romaniei-se-antreneaza-cu-japonezii","status":"publish","type":"post","link":"https:\/\/stiri.frjudo.ro\/index.php\/2021\/01\/17\/lotul-de-judo-al-romaniei-se-antreneaza-cu-japonezii\/","title":{"rendered":"Lotul de judo al Rom\u00e2niei se antreneaz\u0103 cu japonezii"},"content":{"rendered":"\n<p><strong><strong>[dropcap]L[\/dropcap]<\/strong>otul de judo al Rom\u00e2niei se antreneaz\u0103 cu japonezii. Sportivii vor s\u0103rb\u0103tori Ziua na\u021bional\u0103 a Rom\u00e2niei \u00een \u021bara soarelui r\u0103sare \u0219i au fost \u00eent\u00e2mpia\u021bi deja cu un program artistic tradi\u021bional japonez sus\u021binut de copii de gr\u0103dini\u021b\u0103.\u00a0<\/strong><\/p>\n\n\n\n<figure class=\"wp-block-embed is-type-video is-provider-youtube wp-block-embed-youtube wp-embed-aspect-4-3 wp-has-aspect-ratio\"><div class=\"wp-block-embed__wrapper\">\n<iframe title=\"Lotul de judo al Rom\u00e2niei se antreneaz\u0103 cu japonezii\" width=\"900\" height=\"675\" src=\"https:\/\/www.youtube.com\/embed\/-YbLSEyHTJg?feature=oembed\" frameborder=\"0\" allow=\"accelerometer; autoplay; clipboard-write; encrypted-media; gyroscope; picture-in-picture\" allowfullscreen><\/iframe>\n<\/div><\/figure>\n\n\n\n<p class=\"has-text-align-right\"><strong><em>Sursa: YouTube \u2013 Realitatea.net<\/em><\/strong><\/p>\n","protected":false},"excerpt":{"rendered":"<p>[dropcap]L[\/dropcap]otul de judo al Rom\u00e2niei se antreneaz\u0103 cu japonezii. Sportivii vor s\u0103rb\u0103tori Ziua na\u021bional\u0103 a Rom\u00e2niei \u00een \u021bara soarelui r\u0103sare \u0219i au fost \u00eent\u00e2mpia\u021bi deja cu un program artistic tradi\u021bional japonez sus\u021binut de copii de gr\u0103dini\u021b\u0103.\u00a0 Sursa: YouTube \u2013 Realitatea.net<\/p>\n","protected":false},"author":2,"featured_media":952,"comment_status":"open","ping_status":"open","sticky":false,"template":"","format":"standard","meta":[],"categories":[169],"tags":[],"_links":{"self":[{"href":"https:\/\/stiri.frjudo.ro\/index.php\/wp-json\/wp\/v2\/posts\/210"}],"collection":[{"href":"https:\/\/stiri.frjudo.ro\/index.php\/wp-json\/wp\/v2\/posts"}],"about":[{"href":"https:\/\/stiri.frjudo.ro\/index.php\/wp-json\/wp\/v2\/types\/post"}],"author":[{"embeddable":true,"href":"https:\/\/stiri.frjudo.ro\/index.php\/wp-json\/wp\/v2\/users\/2"}],"replies":[{"embeddable":true,"href":"https:\/\/stiri.frjudo.ro\/index.php\/wp-json\/wp\/v2\/comments?post=210"}],"version-history":[{"count":5,"href":"https:\/\/stiri.frjudo.ro\/index.php\/wp-json\/wp\/v2\/posts\/210\/revisions"}],"predecessor-version":[{"id":1115,"href":"https:\/\/stiri.frjudo.ro\/index.php\/wp-json\/wp\/v2\/posts\/210\/revisions\/1115"}],"wp:featuredmedia":[{"embeddable":true,"href":"https:\/\/stiri.frjudo.ro\/index.php\/wp-json\/wp\/v2\/media\/952"}],"wp:attachment":[{"href":"https:\/\/stiri.frjudo.ro\/index.php\/wp-json\/wp\/v2\/media?parent=210"}],"wp:term":[{"taxonomy":"category","embeddable":true,"href":"https:\/\/stiri.frjudo.ro\/index.php\/wp-json\/wp\/v2\/categories?post=210"},{"taxonomy":"post_tag","embeddable":true,"href":"https:\/\/stiri.frjudo.ro\/index.php\/wp-json\/wp\/v2\/tags?post=210"}],"curies":[{"name":"wp","href":"https:\/\/api.w.org\/{rel}","templated":true}]}}