{"id":139,"date":"2021-01-17T11:06:54","date_gmt":"2021-01-17T11:06:54","guid":{"rendered":"http:\/\/stiri.frjudo.ro\/index.php\/2021\/01\/17\/fitness-does-wearable-fitness-gear-work\/"},"modified":"2021-01-23T10:32:17","modified_gmt":"2021-01-23T10:32:17","slug":"retrospectiva-2020-cozmin-gusa-judo-pe-plan-intern-ne-am-descurcat-in-extern-ne-am-supus-vremurilor","status":"publish","type":"post","link":"https:\/\/stiri.frjudo.ro\/index.php\/2021\/01\/17\/retrospectiva-2020-cozmin-gusa-judo-pe-plan-intern-ne-am-descurcat-in-extern-ne-am-supus-vremurilor\/","title":{"rendered":"RETROSPECTIV\u0102 2020 Cozmin Gu\u015f\u0103 (Judo): Pe plan intern ne-am descurcat, \u00een extern ne-am supus vremurilor"},"content":{"rendered":"<p><strong>Pre\u015fedintele Federa\u0163iei Rom\u00e2ne de Judo, Cozmin Gu\u015f\u0103, a declarat, pentru AGERPRES, c\u0103 este mul\u0163umit de faptul c\u0103 \u00een 2020 FRJ a reu\u015fit s\u0103 organizeze toate competi\u0163iile interne, dar a precizat c\u0103 pe plan extern a trebuit s\u0103 se &#8221;supun\u0103 vremurilor&#8221;, f\u0103c\u00e2nd referire la \u00eentrecerile suspendate din cauza pandemiei de COVID-19.<\/strong><\/p>\n<p>&#8222;Suntem singura federa\u0163ie care \u015fi-a realizat sut\u0103 la sut\u0103 calendarul intern, \u00een sensul c\u0103 am reu\u015fit s\u0103 organiz\u0103m toate campionatele na\u0163ionale \u015fi regionale, de la copii p\u00e2n\u0103 la veterani. Ceea ce nu \u00eenseamn\u0103 doar c\u0103 a fost o veste bun\u0103 pentru toat\u0103 lumea, ci a \u015fi revigorat toate cluburile dup\u0103 un \u00eenceput de an extrem de dificil. Din nefericire, calendarul extern l-am ratat aproape \u00een totalitate. Dar aici nu mai este vina noastr\u0103, a fost din pricina federa\u0163iilor europene, interna\u0163ionale \u015fi a pandemiei. \u015ei cea mai proast\u0103 veste pentru noi a fost c\u0103, de\u015fi la \u00eenceputul anului am reu\u015fit trei lovituri care ar fi fost aduc\u0103toare de prestigiu, medalii \u015fi bani, respectiv organizarea de mari competi\u0163ii interna\u0163ionale, dou\u0103 openuri, plus Campionatele Europene de judo pe echipe, pandemia a obligat federa\u0163ia european\u0103 s\u0103 anuleze toate aceste competi\u0163ii, dar \u015fi altele. Cam asta a fost situa\u0163ia, deci intern ne-am desc\u0103rcat, nu simplu, iar extern nu am avut ce face, ne-am supus vremurilor&#8221;, a declarat Gu\u015f\u0103.<\/p>\n<p style=\"text-align: right;\"><a href=\"https:\/\/www.agerpres.ro\/sport\/2020\/12\/16\/retrospectiva-2020-cozmin-gusa-judo-pe-plan-intern-ne-am-descurcat-in-extern-ne-am-supus-vremurilor--628561\" target=\"_blank\" rel=\"noreferrer noopener\"><strong data-rich-text-format-boundary=\"true\">Integral pe agerpres.ro<\/strong><\/a><\/p>\n","protected":false},"excerpt":{"rendered":"<p>Pre\u015fedintele Federa\u0163iei Rom\u00e2ne de Judo, Cozmin Gu\u015f\u0103, a declarat, pentru AGERPRES, c\u0103 este mul\u0163umit de faptul c\u0103 \u00een 2020 FRJ a reu\u015fit s\u0103 organizeze toate competi\u0163iile interne, dar a precizat c\u0103 pe plan extern a trebuit s\u0103 se &#8221;supun\u0103 vremurilor&#8221;, f\u0103c\u00e2nd referire la \u00eentrecerile suspendate din cauza pandemiei de COVID-19. &#8222;Suntem singura federa\u0163ie care \u015fi-a [&hellip;]<\/p>\n","protected":false},"author":2,"featured_media":372,"comment_status":"open","ping_status":"open","sticky":false,"template":"","format":"standard","meta":[],"categories":[165],"tags":[45],"_links":{"self":[{"href":"https:\/\/stiri.frjudo.ro\/index.php\/wp-json\/wp\/v2\/posts\/139"}],"collection":[{"href":"https:\/\/stiri.frjudo.ro\/index.php\/wp-json\/wp\/v2\/posts"}],"about":[{"href":"https:\/\/stiri.frjudo.ro\/index.php\/wp-json\/wp\/v2\/types\/post"}],"author":[{"embeddable":true,"href":"https:\/\/stiri.frjudo.ro\/index.php\/wp-json\/wp\/v2\/users\/2"}],"replies":[{"embeddable":true,"href":"https:\/\/stiri.frjudo.ro\/index.php\/wp-json\/wp\/v2\/comments?post=139"}],"version-history":[{"count":1,"href":"https:\/\/stiri.frjudo.ro\/index.php\/wp-json\/wp\/v2\/posts\/139\/revisions"}],"predecessor-version":[{"id":376,"href":"https:\/\/stiri.frjudo.ro\/index.php\/wp-json\/wp\/v2\/posts\/139\/revisions\/376"}],"wp:featuredmedia":[{"embeddable":true,"href":"https:\/\/stiri.frjudo.ro\/index.php\/wp-json\/wp\/v2\/media\/372"}],"wp:attachment":[{"href":"https:\/\/stiri.frjudo.ro\/index.php\/wp-json\/wp\/v2\/media?parent=139"}],"wp:term":[{"taxonomy":"category","embeddable":true,"href":"https:\/\/stiri.frjudo.ro\/index.php\/wp-json\/wp\/v2\/categories?post=139"},{"taxonomy":"post_tag","embeddable":true,"href":"https:\/\/stiri.frjudo.ro\/index.php\/wp-json\/wp\/v2\/tags?post=139"}],"curies":[{"name":"wp","href":"https:\/\/api.w.org\/{rel}","templated":true}]}}