{"id":132,"date":"2021-01-17T11:06:44","date_gmt":"2021-01-17T11:06:44","guid":{"rendered":"http:\/\/stiri.frjudo.ro\/index.php\/2021\/01\/17\/the-club-is-full-on-friday-night\/"},"modified":"2021-01-24T15:38:58","modified_gmt":"2021-01-24T15:38:58","slug":"veste-superba-pentru-sportul-romanesc-andreea-chiu-a-catigat-medalia-de-argint-la-campionatele-europene-de-judo-de-la-praga","status":"publish","type":"post","link":"https:\/\/stiri.frjudo.ro\/index.php\/2021\/01\/17\/veste-superba-pentru-sportul-romanesc-andreea-chiu-a-catigat-medalia-de-argint-la-campionatele-europene-de-judo-de-la-praga\/","title":{"rendered":"Veste superb\u0103 pentru sportul rom\u00e2nesc! Andreea Chi\u021bu a c\u00e2\u0219tigat medalia de argint la Campionatele Europene de Judo de la Praga"},"content":{"rendered":"<p><strong data-rich-text-format-boundary=\"true\">[dropcap]V[\/dropcap]<\/strong>e\u0219ti superbe venite din partea Pre\u0219edintelui Federa\u021biei Rom\u00e2ne de Judo, Cozmin Gu\u0219\u0103. Andreea Chi\u021bu a c\u00e2\u0219tigat medalia de argint la Campionatele Europene de Judo de la Praga.<\/p>\n<p><strong>UPDATE ORA 18:50:<\/strong> Andreea Chi\u021bu a reu\u0219it s\u0103 c\u00e2\u0219tige medalia de argint la europenele de Judo de la Praga, Cehia.<\/p>\n<p><strong>\u201eARGINT EUROPEAN PENTRU ROM\u00c2NIA! BRAVO ANDREEA CHI\u021aU! FELICIT\u0102RI FLORIN BERCEAN!<br \/>\n<\/strong><strong>De\u0219i a dominat-o pe italianc\u0103, o mic\u0103 gre\u0219eal\u0103 a costat-o pe \u201cANDREEA NOASTR\u0102\u201c aurul european, pierz\u00e2nd finala cu 0-1. Performan\u021ba ei este \u00eens\u0103 deosebit\u0103, fiind ob\u021binut\u0103 \u00eentr-un sport at\u00e2t de competitiv ca judo-ul, \u0219i-ntr-o perioad\u0103 \u00een care Rom\u00e2nia sufer\u0103 cumplit din lipsa de performan\u021be.<\/strong><\/p>\n<p><strong>M\u0103 bucur mult de tot pentru Andreea, care este nu doar un sportiv de MARE EXCEP\u021aIE, dar \u0219i un om extraordinar, foarte inteligent\u0103, harnic\u0103 \u0219i de mare caracter!<\/strong><\/p>\n<p><strong>Am postat o fotografie amuzant\u0103 cu ea, pe care i-am f\u0103cut-o acum 6 luni, c\u00e2nd am invitat-o la mas\u0103 exact la-nceputul pregatirii pentru ob\u021binerea acestei medalii. Chiar atunci mi-am propus s\u0103 postez poza cu \u201eANDREEA CIOB\u0102NI\u021a\u0102\u201d doar dup\u0103 europene!<\/strong><\/p>\n<p><strong>HAI ROM\u00c2NIA!\u201d<\/strong>, a scris pre\u0219edintele Federa\u021biei Rom\u00e2ne de Judo pe pagina sa de Facebook.<\/p>\n<p style=\"text-align: right;\"><strong><a href=\"https:\/\/www.prosport.ro\/alte-sporturi\/andreea-chitu-medalia-de-argint-la-campionatele-europene-de-judo-de-la-praga-19146845\" target=\"_blank\" rel=\"noreferrer noopener\">Integral pe prosport.ro<\/a><\/strong><\/p>\n","protected":false},"excerpt":{"rendered":"<p>[dropcap]V[\/dropcap]e\u0219ti superbe venite din partea Pre\u0219edintelui Federa\u021biei Rom\u00e2ne de Judo, Cozmin Gu\u0219\u0103. Andreea Chi\u021bu a c\u00e2\u0219tigat medalia de argint la Campionatele Europene de Judo de la Praga. UPDATE ORA 18:50: Andreea Chi\u021bu a reu\u0219it s\u0103 c\u00e2\u0219tige medalia de argint la europenele de Judo de la Praga, Cehia. \u201eARGINT EUROPEAN PENTRU ROM\u00c2NIA! BRAVO ANDREEA CHI\u021aU! FELICIT\u0102RI [&hellip;]<\/p>\n","protected":false},"author":2,"featured_media":900,"comment_status":"open","ping_status":"open","sticky":false,"template":"","format":"standard","meta":[],"categories":[166],"tags":[45],"_links":{"self":[{"href":"https:\/\/stiri.frjudo.ro\/index.php\/wp-json\/wp\/v2\/posts\/132"}],"collection":[{"href":"https:\/\/stiri.frjudo.ro\/index.php\/wp-json\/wp\/v2\/posts"}],"about":[{"href":"https:\/\/stiri.frjudo.ro\/index.php\/wp-json\/wp\/v2\/types\/post"}],"author":[{"embeddable":true,"href":"https:\/\/stiri.frjudo.ro\/index.php\/wp-json\/wp\/v2\/users\/2"}],"replies":[{"embeddable":true,"href":"https:\/\/stiri.frjudo.ro\/index.php\/wp-json\/wp\/v2\/comments?post=132"}],"version-history":[{"count":4,"href":"https:\/\/stiri.frjudo.ro\/index.php\/wp-json\/wp\/v2\/posts\/132\/revisions"}],"predecessor-version":[{"id":1167,"href":"https:\/\/stiri.frjudo.ro\/index.php\/wp-json\/wp\/v2\/posts\/132\/revisions\/1167"}],"wp:featuredmedia":[{"embeddable":true,"href":"https:\/\/stiri.frjudo.ro\/index.php\/wp-json\/wp\/v2\/media\/900"}],"wp:attachment":[{"href":"https:\/\/stiri.frjudo.ro\/index.php\/wp-json\/wp\/v2\/media?parent=132"}],"wp:term":[{"taxonomy":"category","embeddable":true,"href":"https:\/\/stiri.frjudo.ro\/index.php\/wp-json\/wp\/v2\/categories?post=132"},{"taxonomy":"post_tag","embeddable":true,"href":"https:\/\/stiri.frjudo.ro\/index.php\/wp-json\/wp\/v2\/tags?post=132"}],"curies":[{"name":"wp","href":"https:\/\/api.w.org\/{rel}","templated":true}]}}