{"id":1189,"date":"2021-02-11T11:39:51","date_gmt":"2021-02-11T11:39:51","guid":{"rendered":"https:\/\/stiri.frjudo.ro\/?p=1189"},"modified":"2021-02-11T11:39:53","modified_gmt":"2021-02-11T11:39:53","slug":"fr-judo-contesta-decizia-curtii-de-apel-brasov-plangere-penala-impotriva-celor-trei-judecatoare","status":"publish","type":"post","link":"https:\/\/stiri.frjudo.ro\/index.php\/2021\/02\/11\/fr-judo-contesta-decizia-curtii-de-apel-brasov-plangere-penala-impotriva-celor-trei-judecatoare\/","title":{"rendered":"FR Judo contest\u0103 decizia Cur\u021bii de Apel Bra\u0219ov! Pl\u00e2ngere penal\u0103 \u00eempotriva celor trei judec\u0103toare"},"content":{"rendered":"\n<p><strong>Federa\u021bia Rom\u00e2n\u0103 de Judo e al\u0103turi de sportivii \u0219i de antrenorii ei. Forul na\u021bional a luat not\u0103 de admiterea par\u021bial\u0103 a contesta\u021biei \u00een decizia final\u0103 pe care a dat-o Curtea de Apel Bra\u0219ov, \u00een procesul care i-a fost intentat fostului antrenor Adrian Croitoru.<\/strong><\/p>\n\n\n\n<p>Institu\u021bia condus\u0103 de <strong><a href=\"https:\/\/www.fanatik.ro\/cozmin-gusa-presedintele-fr-judo-acuza-o-conspiratie-in-cazul-covid-cfr-cluj-cei-care-manipuleaza-aveau-nevoie-de-paveli-si-andree-esca-si-in-sport-19264916\">Cozmin Gu\u0219\u0103<\/a><\/strong> consider\u0103 c\u0103 aceast\u0103 decizie nu este corect\u0103 \u0219i aduce prejudicii importante activit\u0103\u021bii practican\u021bilor \u0219i antrenorilor de judo din Rom\u00e2nia.<\/p>\n\n\n\n<h2>FR Judo contest\u0103 decizia Cur\u021bii de Apel Bra\u0219ov! Pl\u00e2ngere penal\u0103 \u00eempotriva celor trei judec\u0103toare<\/h2>\n\n\n\n<p>Totodat\u0103, str\u00e2ng\u00e2nd pe parcursul termenelor procesuale dovezi suficiente ce implic\u0103 lipsa de corectitudine a celor trei judec\u0103toare din Bra\u0219ov, conducerea FR Judo a mandatat avocatul ce o reprezint\u0103 s\u0103 depun\u0103 pl\u00e2ngere penal\u0103 \u00eempotriva acestora la SIIJ (n.r. \u2013 Sec\u021bia pentru Investigarea Infrac\u021biunilor din Justi\u021bie) pentru infrac\u021biunea de abuz \u00een serviciu.<\/p>\n\n\n\n<p>Decizia din procesul dintre Federa\u021bia Rom\u00e2n\u0103 de Judo \u0219i Adrian Croitoru a fost reclamat\u0103 \u00een urm\u0103 cu c\u00e2teva luni \u0219i la Consiliul Superior al Magistraturii, de unde se a\u0219teapt\u0103 \u00een continuare un r\u0103spuns.<\/p>\n\n\n\n<p class=\"has-text-align-right\"><strong><a href=\"https:\/\/www.fanatik.ro\/fr-judo-contesta-decizia-curtii-de-apel-brasov-plangere-penala-impotriva-celor-trei-judecatoare-19434869\" target=\"_blank\" rel=\"noreferrer noopener\">Integral pe fanatik.ro<\/a><\/strong><\/p>\n","protected":false},"excerpt":{"rendered":"<p>Federa\u021bia Rom\u00e2n\u0103 de Judo e al\u0103turi de sportivii \u0219i de antrenorii ei. Forul na\u021bional a luat not\u0103 de admiterea par\u021bial\u0103 a contesta\u021biei \u00een decizia final\u0103 pe care a dat-o Curtea de Apel Bra\u0219ov, \u00een procesul care i-a fost intentat fostului antrenor Adrian Croitoru. Institu\u021bia condus\u0103 de Cozmin Gu\u0219\u0103 consider\u0103 c\u0103 aceast\u0103 decizie nu este corect\u0103 [&hellip;]<\/p>\n","protected":false},"author":2,"featured_media":1190,"comment_status":"open","ping_status":"open","sticky":false,"template":"","format":"standard","meta":[],"categories":[13],"tags":[],"_links":{"self":[{"href":"https:\/\/stiri.frjudo.ro\/index.php\/wp-json\/wp\/v2\/posts\/1189"}],"collection":[{"href":"https:\/\/stiri.frjudo.ro\/index.php\/wp-json\/wp\/v2\/posts"}],"about":[{"href":"https:\/\/stiri.frjudo.ro\/index.php\/wp-json\/wp\/v2\/types\/post"}],"author":[{"embeddable":true,"href":"https:\/\/stiri.frjudo.ro\/index.php\/wp-json\/wp\/v2\/users\/2"}],"replies":[{"embeddable":true,"href":"https:\/\/stiri.frjudo.ro\/index.php\/wp-json\/wp\/v2\/comments?post=1189"}],"version-history":[{"count":1,"href":"https:\/\/stiri.frjudo.ro\/index.php\/wp-json\/wp\/v2\/posts\/1189\/revisions"}],"predecessor-version":[{"id":1191,"href":"https:\/\/stiri.frjudo.ro\/index.php\/wp-json\/wp\/v2\/posts\/1189\/revisions\/1191"}],"wp:featuredmedia":[{"embeddable":true,"href":"https:\/\/stiri.frjudo.ro\/index.php\/wp-json\/wp\/v2\/media\/1190"}],"wp:attachment":[{"href":"https:\/\/stiri.frjudo.ro\/index.php\/wp-json\/wp\/v2\/media?parent=1189"}],"wp:term":[{"taxonomy":"category","embeddable":true,"href":"https:\/\/stiri.frjudo.ro\/index.php\/wp-json\/wp\/v2\/categories?post=1189"},{"taxonomy":"post_tag","embeddable":true,"href":"https:\/\/stiri.frjudo.ro\/index.php\/wp-json\/wp\/v2\/tags?post=1189"}],"curies":[{"name":"wp","href":"https:\/\/api.w.org\/{rel}","templated":true}]}}