{"id":1179,"date":"2021-02-01T21:30:24","date_gmt":"2021-02-01T21:30:24","guid":{"rendered":"https:\/\/stiri.frjudo.ro\/?p=1179"},"modified":"2021-02-01T21:30:24","modified_gmt":"2021-02-01T21:30:24","slug":"lupta-dura-pentru-sefia-federatiei-romane-de-judo-sotul-unei-deputate-psd-prieten-cu-cristi-borcea-si-omul-care-a-condus-comisia-arbitrilor-sunt-contracandidatii-lui-cozmin-gusa-special","status":"publish","type":"post","link":"https:\/\/stiri.frjudo.ro\/index.php\/2021\/02\/01\/lupta-dura-pentru-sefia-federatiei-romane-de-judo-sotul-unei-deputate-psd-prieten-cu-cristi-borcea-si-omul-care-a-condus-comisia-arbitrilor-sunt-contracandidatii-lui-cozmin-gusa-special\/","title":{"rendered":"Lupt\u0103 dur\u0103 pentru \u0219efia Federa\u021biei Rom\u00e2ne de Judo: so\u021bul unei deputate PSD, prieten cu Cristi Borcea, \u0219i omul care a condus comisia arbitrilor sunt contracandida\u021bii lui Cozmin Gu\u0219\u0103! | SPECIAL"},"content":{"rendered":"\n<p><strong>La \u0219efia FRj se duce o lupt\u0103 aprig\u0103! George Te\u0219eleanu \u015fi Paul Augustin \u2013 Marian \u015fi-au depus candidatura, alegerile urm\u00e2nd a avea loc la 24 februarie, dat\u0103 decis\u0103 prin votul acordat \u00een unanimitate de c\u0103tre Comitetul Director.<\/strong><\/p>\n\n\n\n<p>Dosarele de candidatur\u0103 au termen de depunere ziua de 9 februarie. Pre\u0219edintele \u00een func\u021bie, Cozmin Gu\u0219\u0103, nu \u0219i-a anun\u021bat \u00eenc\u0103 inten\u021bia de a concura pentru un nou mandat.<\/p>\n\n\n\n<h2>Cine e George Te\u0219eleanu<\/h2>\n\n\n\n<p>George \u0219i Cristina Dumitrache Te\u0219eleanu sunt finii lui Valeriu Zgonea! De asemenea, profesorul \u0219i fost consul onorific al Rom\u00e2niei la Ancona e prieten \u0219i partener de afaceri cu Cristi Borcea, ex-conduc\u0103tor al clubului Dinamo.<\/p>\n\n\n\n<h2>Cine e Paul Augustin \u2013 Marian<\/h2>\n\n\n\n<p><em><strong>\u201eAl doilea candidat pentru func\u0163ia de pre\u015fedinte al FRJudo este domnul Paul Augustin-Marian, fost arbitru interna\u0163ional de judo. N\u0103scut \u00een anul 1954, acesta a ocupat \u00een trecut func\u0163ia de pre\u015fedinte al Colegiului Central al Arbitrilor din cadrul FRJudo iar al\u0103turi de candidatura \u015fi-a depus programul strategic ce poart\u0103 numele \u201cJUDO \u2013 Mai mult dec\u00e2t un sport, dar \u015fi mai mult\u0103 disciplina intern\u0103\u201d. Este propus \u00een cursa pentru \u015fefia FRJudo de c\u0103tre ACS Gendai-Budo Bucure\u015fti\u201d<\/strong><\/em> anun\u021b\u0103 www.frjudo.ro.<\/p>\n\n\n\n<p class=\"has-text-align-right\"><strong><a href=\"https:\/\/www.prosport.ro\/alte-sporturi\/lupta-dura-pentru-sefia-federatiei-romane-de-judo-19194965\" target=\"_blank\" rel=\"noreferrer noopener\">Integral pe prosport.ro<\/a><\/strong><\/p>\n","protected":false},"excerpt":{"rendered":"<p>La \u0219efia FRj se duce o lupt\u0103 aprig\u0103! George Te\u0219eleanu \u015fi Paul Augustin \u2013 Marian \u015fi-au depus candidatura, alegerile urm\u00e2nd a avea loc la 24 februarie, dat\u0103 decis\u0103 prin votul acordat \u00een unanimitate de c\u0103tre Comitetul Director. Dosarele de candidatur\u0103 au termen de depunere ziua de 9 februarie. Pre\u0219edintele \u00een func\u021bie, Cozmin Gu\u0219\u0103, nu \u0219i-a [&hellip;]<\/p>\n","protected":false},"author":2,"featured_media":1180,"comment_status":"open","ping_status":"open","sticky":false,"template":"","format":"standard","meta":[],"categories":[167],"tags":[],"_links":{"self":[{"href":"https:\/\/stiri.frjudo.ro\/index.php\/wp-json\/wp\/v2\/posts\/1179"}],"collection":[{"href":"https:\/\/stiri.frjudo.ro\/index.php\/wp-json\/wp\/v2\/posts"}],"about":[{"href":"https:\/\/stiri.frjudo.ro\/index.php\/wp-json\/wp\/v2\/types\/post"}],"author":[{"embeddable":true,"href":"https:\/\/stiri.frjudo.ro\/index.php\/wp-json\/wp\/v2\/users\/2"}],"replies":[{"embeddable":true,"href":"https:\/\/stiri.frjudo.ro\/index.php\/wp-json\/wp\/v2\/comments?post=1179"}],"version-history":[{"count":1,"href":"https:\/\/stiri.frjudo.ro\/index.php\/wp-json\/wp\/v2\/posts\/1179\/revisions"}],"predecessor-version":[{"id":1181,"href":"https:\/\/stiri.frjudo.ro\/index.php\/wp-json\/wp\/v2\/posts\/1179\/revisions\/1181"}],"wp:featuredmedia":[{"embeddable":true,"href":"https:\/\/stiri.frjudo.ro\/index.php\/wp-json\/wp\/v2\/media\/1180"}],"wp:attachment":[{"href":"https:\/\/stiri.frjudo.ro\/index.php\/wp-json\/wp\/v2\/media?parent=1179"}],"wp:term":[{"taxonomy":"category","embeddable":true,"href":"https:\/\/stiri.frjudo.ro\/index.php\/wp-json\/wp\/v2\/categories?post=1179"},{"taxonomy":"post_tag","embeddable":true,"href":"https:\/\/stiri.frjudo.ro\/index.php\/wp-json\/wp\/v2\/tags?post=1179"}],"curies":[{"name":"wp","href":"https:\/\/api.w.org\/{rel}","templated":true}]}}