{"id":1000,"date":"2021-01-16T08:55:00","date_gmt":"2021-01-16T08:55:00","guid":{"rendered":"http:\/\/stiri.frjudo.ro\/?p=1000"},"modified":"2021-01-24T09:57:46","modified_gmt":"2021-01-24T09:57:46","slug":"video-live-blog-judo-spectacol-la-bucuresti-s-a-incheiat-liga-campionilor-urmeaza-europa-league","status":"publish","type":"post","link":"https:\/\/stiri.frjudo.ro\/index.php\/2021\/01\/16\/video-live-blog-judo-spectacol-la-bucuresti-s-a-incheiat-liga-campionilor-urmeaza-europa-league\/","title":{"rendered":"VIDEO LIVE BLOG | Judo SPECTACOL la Bucure\u0219ti! S-a \u00eencheiat Liga Campionilor. Urmeaz\u0103 Europa League"},"content":{"rendered":"\n<p><strong>UPDATE 18:00:<\/strong> S-a \u00eencheiat Liga Campionilor. S\u00e2mb\u0103t\u0103 \u0219i duminic\u0103 este programat\u0103 Europa League la judo.<\/p>\n\n\n\n<p><strong>UPDATE 16:57:<\/strong> <strong>CSM Bucure\u0219ti<\/strong> a pierdut duelul cu s\u00e2rbii de la <strong>Steaua Ro\u0219ie Belgrad<\/strong>, scor 2-3. Rom\u00e2nia nu ob\u021bine nicio medalie \u00een Liga Campionilor. <strong>Urmeaz\u0103 finala la b\u0103ie\u021bi \u0219i la fete!<\/strong><\/p>\n\n\n\n<p><strong>UPDATE 16:40<\/strong>&nbsp;<strong>Urmeaz\u0103 o \u00eentrecere pentru medaliile de bronz la masculin: Steaua Ro\u0219ie Belgrad \u2013 CSM Bucuresti.<\/strong><\/p>\n\n\n\n<p><strong>UPDATE 16:35<\/strong> <strong>La feminin, echipa croat\u0103 JC Vinkovci a c\u00e2\u0219tigat bronzul \u00een confruntarea cu U CSM Dinamo. A fost 3-2 pentru croate.\u00a0<\/strong><\/p>\n\n\n\n<figure class=\"wp-block-embed is-type-video is-provider-youtube wp-block-embed-youtube wp-embed-aspect-16-9 wp-has-aspect-ratio\"><div class=\"wp-block-embed__wrapper\">\n<iframe title=\"European Club Championships - Champions League - Bucharest 2018\" width=\"900\" height=\"506\" src=\"https:\/\/www.youtube.com\/embed\/0Xb_X7gMZSY?start=17&#038;feature=oembed\" frameborder=\"0\" allow=\"accelerometer; autoplay; clipboard-write; encrypted-media; gyroscope; picture-in-picture\" allowfullscreen><\/iframe>\n<\/div><\/figure>\n\n\n\n<p><strong>UPDATE 15:50:<\/strong>&nbsp;<strong>\u201cC\u00e2nd am p\u0103\u0219it prima oar\u0103 \u00een sala de judo am fost fascinat\u0103 de saltea, sau de tatami, cum i se spune. Cea mai important\u0103 calitate este dorin\u021ba. Trebuie s\u0103 nu renun\u021bi \u00een nicio clip\u0103 la ceea ce \u021bi-ai propus. C\u00e2nd \u00ee\u021bi c\u00e2nt\u0103 imnul, e cel mai frumos moment, care nu poate fi descris.<\/strong><\/p>\n\n\n\n<p><strong>P\u0103rin\u021bii trebuie s\u0103-\u0219i \u00eendrepte pu\u0219tii spre orice fel de mi\u0219care, s\u0103 fac\u0103 sport. E foarte important pentru s\u0103n\u0103tate, disciplin\u0103, dar \u0219i pentru a \u00eenv\u0103\u021ba lucruri care se aplic\u0103 \u00een via\u021ba de zi cu zi\u201d<\/strong>, a declarat Andreea Chi\u021bu, la Realitatea TV.<\/p>\n\n\n\n<p class=\"has-text-align-right\"><strong><a href=\"https:\/\/realitateasportiva.net\/judo-spectacol-la-bucuresti-champions-league-si-europa-league-in-sala-polivalenta-gusa-avem-sanse-la-medalii\/\" target=\"_blank\" rel=\"noreferrer noopener\">Integral pe realitateasportiva.net<\/a><\/strong><\/p>\n","protected":false},"excerpt":{"rendered":"<p>UPDATE 18:00: S-a \u00eencheiat Liga Campionilor. S\u00e2mb\u0103t\u0103 \u0219i duminic\u0103 este programat\u0103 Europa League la judo. UPDATE 16:57: CSM Bucure\u0219ti a pierdut duelul cu s\u00e2rbii de la Steaua Ro\u0219ie Belgrad, scor 2-3. Rom\u00e2nia nu ob\u021bine nicio medalie \u00een Liga Campionilor. Urmeaz\u0103 finala la b\u0103ie\u021bi \u0219i la fete! UPDATE 16:40&nbsp;Urmeaz\u0103 o \u00eentrecere pentru medaliile de bronz la [&hellip;]<\/p>\n","protected":false},"author":2,"featured_media":1001,"comment_status":"open","ping_status":"open","sticky":false,"template":"","format":"standard","meta":[],"categories":[169],"tags":[],"_links":{"self":[{"href":"https:\/\/stiri.frjudo.ro\/index.php\/wp-json\/wp\/v2\/posts\/1000"}],"collection":[{"href":"https:\/\/stiri.frjudo.ro\/index.php\/wp-json\/wp\/v2\/posts"}],"about":[{"href":"https:\/\/stiri.frjudo.ro\/index.php\/wp-json\/wp\/v2\/types\/post"}],"author":[{"embeddable":true,"href":"https:\/\/stiri.frjudo.ro\/index.php\/wp-json\/wp\/v2\/users\/2"}],"replies":[{"embeddable":true,"href":"https:\/\/stiri.frjudo.ro\/index.php\/wp-json\/wp\/v2\/comments?post=1000"}],"version-history":[{"count":1,"href":"https:\/\/stiri.frjudo.ro\/index.php\/wp-json\/wp\/v2\/posts\/1000\/revisions"}],"predecessor-version":[{"id":1002,"href":"https:\/\/stiri.frjudo.ro\/index.php\/wp-json\/wp\/v2\/posts\/1000\/revisions\/1002"}],"wp:featuredmedia":[{"embeddable":true,"href":"https:\/\/stiri.frjudo.ro\/index.php\/wp-json\/wp\/v2\/media\/1001"}],"wp:attachment":[{"href":"https:\/\/stiri.frjudo.ro\/index.php\/wp-json\/wp\/v2\/media?parent=1000"}],"wp:term":[{"taxonomy":"category","embeddable":true,"href":"https:\/\/stiri.frjudo.ro\/index.php\/wp-json\/wp\/v2\/categories?post=1000"},{"taxonomy":"post_tag","embeddable":true,"href":"https:\/\/stiri.frjudo.ro\/index.php\/wp-json\/wp\/v2\/tags?post=1000"}],"curies":[{"name":"wp","href":"https:\/\/api.w.org\/{rel}","templated":true}]}}